{"id":153460,"date":"2025-11-16T05:12:33","date_gmt":"2025-11-16T05:12:33","guid":{"rendered":"https:\/\/www.europesays.com\/pt\/153460\/"},"modified":"2025-11-16T05:12:33","modified_gmt":"2025-11-16T05:12:33","slug":"vao-estar-aqui-escondidos-na-proxima-semana-2","status":"publish","type":"post","link":"https:\/\/www.europesays.com\/pt\/153460\/","title":{"rendered":"v\u00e3o estar aqui \u201cescondidos\u201d na pr\u00f3xima semana"},"content":{"rendered":"<p>A Pol\u00edcia de Seguran\u00e7a P\u00fablica (PSP) divulgou o calend\u00e1rio mensal da campanha \u201cQuem o avisa\u2026\u201d, que indica os locais onde ser\u00e3o realizados controlos de velocidade durante o m\u00eas de novembro de 2025 em todo o pa\u00eds.<\/p>\n<p><a target=\"_blank\" href=\"https:\/\/pplware.sapo.pt\/wp-content\/uploads\/2025\/08\/radares_PT_2.jpg\" onclick=\"refreshIframe()\" class=\"foobox\" rel=\"nofollow noopener\"><img fetchpriority=\"high\" decoding=\"async\" src=\"https:\/\/www.europesays.com\/pt\/wp-content\/uploads\/2025\/08\/radares_PT_2-720x405.jpg\" alt=\"Radares de Velocidade: v\u00e3o estar aqui \u201cescondidos\u201d na pr\u00f3xima semana\" width=\"720\" height=\"405\" class=\"aligncenter wp-image-1073727 size-medium\"  \/><\/a><\/p>\n<p>O principal objetivo desta iniciativa com os radares de velocidade \u00e9 promover a seguran\u00e7a rodovi\u00e1ria, prevenir o excesso de velocidade e reduzir a sinistralidade nas estradas portuguesas. A PSP refor\u00e7a que a divulga\u00e7\u00e3o pr\u00e9via dos radares visa alertar os condutores e incentivar comportamentos mais respons\u00e1veis ao volante, n\u00e3o apenas punir infra\u00e7\u00f5es.<\/p>\n<p>Durante o m\u00eas, os radares estar\u00e3o distribu\u00eddos por todas as capitais de distrito e v\u00e1rias localidades, abrangendo zonas urbanas, estradas nacionais e vias r\u00e1pidas de maior tr\u00e1fego.<\/p>\n<p>Onde v\u00e3o estar os radares de velocidade da PSP?<\/p>\n<p>Abaixo, apresentamos a lista completa de radares da PSP para novembro de 2025, organizada por distrito.<\/p>\n<p><strong>Beja<\/strong><\/p>\n<ul>\n<li>19 nov: Beja \u2013 Rua Francisco Miguel Duarte (09h00-12h00)<\/li>\n<li>26 nov: Beja \u2013 Rua Manuel Joaquim Delgado (09h00-12h00)<\/li>\n<\/ul>\n<p><strong>Bragan\u00e7a<\/strong><\/p>\n<ul>\n<li>25 nov: Bragan\u00e7a \u2013 Cintura Interna, Quinta do Campelo (08h00-13h00)<\/li>\n<li>27 nov: Mirandela \u2013 EN 213 (08h00-13h00)<\/li>\n<\/ul>\n<p><strong>Braga<\/strong><\/p>\n<ul>\n<li>17 nov: Barcelos \u2013 Circular (21h00-23h00)<\/li>\n<li>18 nov: Braga \u2013 Av. Ant\u00f3nio Macedo (15h00-18h00)<\/li>\n<\/ul>\n<p><strong>Castelo Branco<\/strong><\/p>\n<ul>\n<li>18 nov: Castelo Branco \u2013 Av. da Europa (10h00-12h00)<\/li>\n<li>24 nov: Covilh\u00e3 \u2013 Alameda P\u00earo da Covilh\u00e3 (junto Hotel D. Maria) (08h00-12h00)<\/li>\n<\/ul>\n<p><strong>Coimbra<\/strong><\/p>\n<ul>\n<li>19 nov: IC2 N\/S Km 194 (09h30)<\/li>\n<li>28 nov: Av. da Lous\u00e3 (09h30)<\/li>\n<li>13 nov: Figueira da Foz \u2013 Av. Dr. M\u00e1rio Soares (09h00-12h00)<\/li>\n<li>26 nov: Figueira da Foz \u2013 Av. Dr. Francisco S\u00e1 Carneiro (09h00-12h00)<\/li>\n<\/ul>\n<p><strong>Faro<\/strong><\/p>\n<ul>\n<li>18 nov: Portim\u00e3o \u2013 Av. S. Louren\u00e7o da Barrosa (V6) (16h00-20h00)<\/li>\n<li>25 nov: Monchique \u2013 Estrada de Monchique (09h00-12h00)<\/li>\n<li>25 nov: Vila Real de Santo Ant\u00f3nio \u2013 Av. de Castro Marim (14h00-16h00)<\/li>\n<\/ul>\n<p><a target=\"_blank\" href=\"https:\/\/pplware.sapo.pt\/wp-content\/uploads\/2020\/03\/radares_02.jpg\" onclick=\"refreshIframe()\" class=\"foobox\" rel=\"nofollow noopener\"><img loading=\"lazy\" decoding=\"async\" src=\"https:\/\/www.europesays.com\/pt\/wp-content\/uploads\/2025\/11\/radares_02-720x395.jpg\" alt=\"Radares de Velocidade: v\u00e3o estar aqui \u201cescondidos\u201d na pr\u00f3xima semana\" width=\"720\" height=\"395\" class=\"aligncenter wp-image-658720 size-medium\"  \/><\/a><\/p>\n<p><strong>Guarda<\/strong><\/p>\n<ul>\n<li>22, 23 e 24 nov: Guarda \u2013 Via da Cintura Externa (09h00-13h00)<\/li>\n<\/ul>\n<p><strong>Leiria<\/strong><\/p>\n<ul>\n<li>18 nov: Leiria \u2013 Rua Albergaria dos Doze (09h00-12h00)<\/li>\n<li>25 nov: Marinha Grande \u2013 EN 356-1 Alcogulhe (14h00-17h00)<\/li>\n<li>26 nov: Marinha Grande \u2013 Estrada da Nazar\u00e9 Km 15.2 (14h00-17h00)<\/li>\n<\/ul>\n<p><strong>Lisboa<\/strong><\/p>\n<ul>\n<li>18 nov: Cascais \u2013 Av. Marginal Km 18.2 (Hotel Miragem) (09h00-17h00)<\/li>\n<li>21 nov: Amadora \u2013 Estrada dos Salgados (09h00-12h00)<\/li>\n<li>21 nov: Lisboa \u2013 EN 117 (Amadora \u2192 Restelo) (14h00-16h00)<\/li>\n<li>24 nov: Almada \u2013 A2 (Ponte 25 de Abril) (08h00-11h00)<\/li>\n<li>25 nov: Algueir\u00e3o-Sintra \u2013 EN 250.1 (08h30-11h30)<\/li>\n<li>25 nov: Queluz \u2013 Av. Eng. Duarte Pacheco (13h30-16h00)<\/li>\n<li>26 nov: Lisboa \u2013 Av. da \u00cdndia (14h00-17h00)<\/li>\n<\/ul>\n<p><strong>Madeira<\/strong><\/p>\n<ul>\n<li>18 nov: Cani\u00e7o \u2013 VR1 Km 25.5 (15h30-17h30)<\/li>\n<li>19 nov: Funchal \u2013 Rua 5 de Outubro (18h30-20h30)<\/li>\n<li>25 nov: C\u00e2mara de Lobos \u2013 VR-1 Km 9.4 (18h00-22h00)<\/li>\n<\/ul>\n<p><strong>Portalegre<\/strong><\/p>\n<ul>\n<li>17 nov: Portalegre \u2013 Av. Badajoz (18h00-20h00)<\/li>\n<li>24 nov: Elvas \u2013 EN 373 (09h00-11h00)<\/li>\n<\/ul>\n<p><strong>Porto<\/strong><\/p>\n<ul>\n<li>18 nov: P\u00f3voa de Varzim \u2013 R. Gomes Amorim 1270 (A-Ver-o-Mar) (13h00-20h00)<\/li>\n<li>20 nov: Santo Tirso \u2013 EM 556 c\/ R. Gabriel Cardoso Miranda (13h00-20h00)<\/li>\n<li>21 nov: Gaia \u2013 Rua Font\u00e3o 212 (Canidelo) (13h00-20h00)<\/li>\n<li>24 nov: Matosinhos \u2013 Av. Calouste Gulbenkian (08h00-16h00)<\/li>\n<li>26 nov: Maia \u2013 Rua Dr. Joaquim Nogueira dos Santos 885 (08h00-15h00)<\/li>\n<li>27 nov: Porto \u2013 Av. Marechal Gomes da Costa 1300 (08h00-15h00)<\/li>\n<\/ul>\n<p><strong>Santar\u00e9m<\/strong><\/p>\n<ul>\n<li>27 nov: Our\u00e9m \u2013 Rua Dr. Armando Reis Vieira (08h00-12h00)<\/li>\n<\/ul>\n<p><strong>Set\u00fabal<\/strong><\/p>\n<ul>\n<li>17 nov: Montijo \u2013 Circular Externa (09h30)<\/li>\n<li>18 nov: Set\u00fabal \u2013 EN 10 Km 42.3 (08h30)<\/li>\n<li>26 nov: Corroios \u2013 Av. MAR (09h30)<\/li>\n<\/ul>\n<p><strong>Viana do Castelo<\/strong><\/p>\n<ul>\n<li>21 nov: Viana do Castelo \u2013 Rua da Linha (10h00-13h00)<\/li>\n<li>24 nov: Ponte de Lima \u2013 centro (10h00-13h00)<\/li>\n<li>25 nov: Viana do Castelo \u2013 Av. do Meio (20h30-23h30)<\/li>\n<li>29 nov: Viana do Castelo \u2013 Av. Paulo VI (20h30-23h30)<\/li>\n<\/ul>\n<p><strong>Viseu<\/strong><\/p>\n<ul>\n<li>17 nov: Lamego \u2013 Rua do Centro Escolar N1 (09h00-12h00)<\/li>\n<\/ul>\n","protected":false},"excerpt":{"rendered":"A Pol\u00edcia de Seguran\u00e7a P\u00fablica (PSP) divulgou o calend\u00e1rio mensal da campanha \u201cQuem o avisa\u2026\u201d, que indica os&hellip;\n","protected":false},"author":2,"featured_media":153461,"comment_status":"","ping_status":"","sticky":false,"template":"","format":"standard","meta":{"footnotes":""},"categories":[8],"tags":[27,28,15,16,14,25,26,21,22,12,13,19,20,32,23,24,33,8334,17,18,29,30,31],"class_list":{"0":"post-153460","1":"post","2":"type-post","3":"status-publish","4":"format-standard","5":"has-post-thumbnail","7":"category-principais-noticias","8":"tag-breaking-news","9":"tag-breakingnews","10":"tag-featured-news","11":"tag-featurednews","12":"tag-headlines","13":"tag-latest-news","14":"tag-latestnews","15":"tag-main-news","16":"tag-mainnews","17":"tag-news","18":"tag-noticias","19":"tag-noticias-principais","20":"tag-noticiasprincipais","21":"tag-portugal","22":"tag-principais-noticias","23":"tag-principaisnoticias","24":"tag-pt","25":"tag-radares-de-velocidade","26":"tag-top-stories","27":"tag-topstories","28":"tag-ultimas","29":"tag-ultimas-noticias","30":"tag-ultimasnoticias"},"share_on_mastodon":{"url":"https:\/\/pubeurope.com\/@pt\/115557665734879478","error":""},"_links":{"self":[{"href":"https:\/\/www.europesays.com\/pt\/wp-json\/wp\/v2\/posts\/153460","targetHints":{"allow":["GET"]}}],"collection":[{"href":"https:\/\/www.europesays.com\/pt\/wp-json\/wp\/v2\/posts"}],"about":[{"href":"https:\/\/www.europesays.com\/pt\/wp-json\/wp\/v2\/types\/post"}],"author":[{"embeddable":true,"href":"https:\/\/www.europesays.com\/pt\/wp-json\/wp\/v2\/users\/2"}],"replies":[{"embeddable":true,"href":"https:\/\/www.europesays.com\/pt\/wp-json\/wp\/v2\/comments?post=153460"}],"version-history":[{"count":0,"href":"https:\/\/www.europesays.com\/pt\/wp-json\/wp\/v2\/posts\/153460\/revisions"}],"wp:featuredmedia":[{"embeddable":true,"href":"https:\/\/www.europesays.com\/pt\/wp-json\/wp\/v2\/media\/153461"}],"wp:attachment":[{"href":"https:\/\/www.europesays.com\/pt\/wp-json\/wp\/v2\/media?parent=153460"}],"wp:term":[{"taxonomy":"category","embeddable":true,"href":"https:\/\/www.europesays.com\/pt\/wp-json\/wp\/v2\/categories?post=153460"},{"taxonomy":"post_tag","embeddable":true,"href":"https:\/\/www.europesays.com\/pt\/wp-json\/wp\/v2\/tags?post=153460"}],"curies":[{"name":"wp","href":"https:\/\/api.w.org\/{rel}","templated":true}]}}