{"id":153467,"date":"2025-11-16T05:27:17","date_gmt":"2025-11-16T05:27:17","guid":{"rendered":"https:\/\/www.europesays.com\/pt\/153467\/"},"modified":"2025-11-16T05:27:17","modified_gmt":"2025-11-16T05:27:17","slug":"rosamaria-murtinho-e-nathalia-timberg-compartilham-clique-afetuoso-nos-bastidores-de-trabalho-veja","status":"publish","type":"post","link":"https:\/\/www.europesays.com\/pt\/153467\/","title":{"rendered":"Rosamaria Murtinho e Nathalia Timberg compartilham clique afetuoso nos bastidores de trabalho; veja"},"content":{"rendered":"\n<p class=\" content-text__container \" data-track-category=\"Link no Texto\" data-track-links=\"\"> Ao fundo da foto est\u00e1 Marcus Montenegro, CEO da Montenegro Talents, que agencia as atrizes. Na camisa de Marcus, a seguinte frase: &#8220;Eu quero veteranos na TV&#8221;. Em outros registros compartilhados pela ag\u00eancia, tamb\u00e9m aparecem as atrizes <a class=\"\" href=\"https:\/\/oglobo.globo.com\/play\/entrevistas\/noticia\/2025\/05\/28\/suely-franco-comemora-retorno-as-novelas-em-dona-de-mim-e-diz-que-nao-pensa-em-aposentadoria-parar-e-a-morte.ghtml\" rel=\"nofollow noopener\" target=\"_blank\">Suely Franco<\/a>, de 86 anos, e <a class=\"\" href=\"https:\/\/oglobo.globo.com\/tudo-sobre\/personalidade\/irene-ravache\" rel=\"nofollow noopener\" target=\"_blank\">Irene Ravache<\/a>, de 81. &#8220;Carregando novidades&#8221;, diz uma das fotos. <\/p>\n<p class=\" content-text__container \" data-track-category=\"Link no Texto\" data-track-links=\"\"> A \u00faltima novela de Rosamaria foi &#8220;Dona do peda\u00e7o&#8221; (2019); a de Nathalia foi &#8220;Fuzu\u00ea&#8221; (2023); e, a de Ireve Ravache, &#8220;Espelho da vida&#8221; (2018). Ela tamb\u00e9m fez uma participa\u00e7\u00e3o especial em &#8220;\u00c9ramos seis&#8221; (2020). Das quatro veteranas, Suely \u00e9 a \u00fanica que est\u00e1 no ar na TV. Ela vive Rosa, a matriarca da fam\u00edlia Boaz na novela &#8220;Dona de mim&#8221;, de Rosane Svartman, na faixa das 19h na TV Globo. <\/p>\n<p class=\" content-text__container \" data-track-category=\"Link no Texto\" data-track-links=\"\"> No final de maio, a <a class=\"\" href=\"https:\/\/oglobo.globo.com\/play\/novelas\/noticia\/2025\/05\/28\/nota-10-suely-franco-a-rosa-de-dona-de-mim.ghtml\" rel=\"nofollow noopener\" target=\"_blank\">Coluna Play<\/a> deu 10 para a veterana: &#8220;10 Para Suely Franco, que brilha como Rosa em &#8216;Dona de mim&#8217;. Ela fez cenas tocantes nos cap\u00edtulos mais recentes. \u00c9 muito bom ver a atriz retornando \u00e0s novelas num papel de destaque.&#8221; <\/p>\n","protected":false},"excerpt":{"rendered":"Ao fundo da foto est\u00e1 Marcus Montenegro, CEO da Montenegro Talents, que agencia as atrizes. Na camisa de&hellip;\n","protected":false},"author":2,"featured_media":153468,"comment_status":"","ping_status":"","sticky":false,"template":"","format":"standard","meta":{"footnotes":""},"categories":[145],"tags":[211,210,114,115,319,30422,33092,32,33,318,33091],"class_list":{"0":"post-153467","1":"post","2":"type-post","3":"status-publish","4":"format-standard","5":"has-post-thumbnail","7":"category-celebridades","8":"tag-celebridades","9":"tag-celebrities","10":"tag-entertainment","11":"tag-entretenimento","12":"tag-hard-news","13":"tag-irene-ravache","14":"tag-nathalia-timberg","15":"tag-portugal","16":"tag-pt","17":"tag-radar","18":"tag-rosamaria-murtinho"},"share_on_mastodon":{"url":"https:\/\/pubeurope.com\/@pt\/115557724564700478","error":""},"_links":{"self":[{"href":"https:\/\/www.europesays.com\/pt\/wp-json\/wp\/v2\/posts\/153467","targetHints":{"allow":["GET"]}}],"collection":[{"href":"https:\/\/www.europesays.com\/pt\/wp-json\/wp\/v2\/posts"}],"about":[{"href":"https:\/\/www.europesays.com\/pt\/wp-json\/wp\/v2\/types\/post"}],"author":[{"embeddable":true,"href":"https:\/\/www.europesays.com\/pt\/wp-json\/wp\/v2\/users\/2"}],"replies":[{"embeddable":true,"href":"https:\/\/www.europesays.com\/pt\/wp-json\/wp\/v2\/comments?post=153467"}],"version-history":[{"count":0,"href":"https:\/\/www.europesays.com\/pt\/wp-json\/wp\/v2\/posts\/153467\/revisions"}],"wp:featuredmedia":[{"embeddable":true,"href":"https:\/\/www.europesays.com\/pt\/wp-json\/wp\/v2\/media\/153468"}],"wp:attachment":[{"href":"https:\/\/www.europesays.com\/pt\/wp-json\/wp\/v2\/media?parent=153467"}],"wp:term":[{"taxonomy":"category","embeddable":true,"href":"https:\/\/www.europesays.com\/pt\/wp-json\/wp\/v2\/categories?post=153467"},{"taxonomy":"post_tag","embeddable":true,"href":"https:\/\/www.europesays.com\/pt\/wp-json\/wp\/v2\/tags?post=153467"}],"curies":[{"name":"wp","href":"https:\/\/api.w.org\/{rel}","templated":true}]}}