{"id":153469,"date":"2025-11-16T05:34:09","date_gmt":"2025-11-16T05:34:09","guid":{"rendered":"https:\/\/www.europesays.com\/pt\/153469\/"},"modified":"2025-11-16T05:34:09","modified_gmt":"2025-11-16T05:34:09","slug":"oms-lanca-orientacoes-sobre-a-diabetes-na-gravidez-no-dia-mundial-da-diabetes","status":"publish","type":"post","link":"https:\/\/www.europesays.com\/pt\/153469\/","title":{"rendered":"OMS lan\u00e7a orienta\u00e7\u00f5es sobre a diabetes na gravidez no Dia Mundial da Diabetes"},"content":{"rendered":"<p> <a href=\"https:\/\/www.tveuropa.pt\/cnt\/uploads\/F17H015-6.jpg\" data-caption=\"OMS lan\u00e7a orienta\u00e7\u00f5es sobre a diabetes na gravidez no Dia Mundial da Diabetes\" rel=\"nofollow noopener\" target=\"_blank\"><img loading=\"lazy\" decoding=\"async\" width=\"696\" height=\"464\" class=\"entry-thumb td-modal-image\" src=\"https:\/\/www.europesays.com\/pt\/wp-content\/uploads\/2025\/11\/F17H015-6-696x464.jpg\"   alt=\"OMS lan\u00e7a orienta\u00e7\u00f5es sobre a diabetes na gravidez no Dia Mundial da Diabetes\" title=\"OMS lan\u00e7a orienta\u00e7\u00f5es sobre a diabetes na gravidez no Dia Mundial da Diabetes\"\/><\/a>OMS lan\u00e7a orienta\u00e7\u00f5es sobre a diabetes na gravidez no Dia Mundial da Diabetes <\/p>\n<p>Quando se assinala o <strong>Dia Mundial da Diabetes<\/strong>, 14 de novembro, a <strong>Organiza\u00e7\u00e3o Mundial de Sa\u00fade<\/strong> (OMS) lan\u00e7ou as primeiras orienta\u00e7\u00f5es globais para a <strong>gest\u00e3o da diabetes durante a gravidez<\/strong>, uma condi\u00e7\u00e3o que afeta cerca de uma em cada seis gravidezes, ou 21 milh\u00f5es de mulheres anualmente.<\/p>\n<p>As novas orienta\u00e7\u00f5es da OMS fornecem um roteiro que \u00e9 considerado essencial para enfrentar o crescente desafio de sa\u00fade e prevenir complica\u00e7\u00f5es graves tanto para as mulheres como para os filhos, dado que a diabetes na gravidez, se n\u00e3o for controlada de forma eficaz, aumenta significativamente o risco de condi\u00e7\u00f5es potencialmente fatais, como a pr\u00e9-ecl\u00e2mpsia, o nado-morto e as les\u00f5es no parto.<\/p>\n<p>O n\u00e3o controlo da diabetes tamb\u00e9m tem consequ\u00eancias a longo prazo, elevando o risco vital\u00edcio de diabetes tipo 2 e de doen\u00e7as cardiometab\u00f3licas tanto para a m\u00e3e como para o filho. Como indicado pela OMS, o impacto \u00e9 maior nos pa\u00edses de baixo e m\u00e9dio rendimento, onde o acesso a cuidados e recursos especializados pode ser limitado, embora a necessidade seja mais urgente.<\/p>\n<p>\u201cA OMS j\u00e1 tinha orienta\u00e7\u00f5es sobre a diabetes e sobre a gravidez h\u00e1 muito tempo, mas esta \u00e9 a primeira vez que publicamos um padr\u00e3o espec\u00edfico de cuidados para o controlo da diabetes durante a gravidez\u201d, disse, citada em comunicado, Tedros Adhanom Ghebreyesus, Diretor-Geral da OMS. \u201cEstas orienta\u00e7\u00f5es baseiam-se na realidade da vida e das necessidades de sa\u00fade das mulheres e fornecem estrat\u00e9gias claras e baseadas em evid\u00eancias para oferecer cuidados de alta qualidade a todas as mulheres, em todo o lado\u201d.<\/p>\n<p>As orienta\u00e7\u00f5es incluem 27 recomenda\u00e7\u00f5es principais, nomeadamente:<\/p>\n<ul>\n<li>Cuidados individualizados: Orienta\u00e7\u00f5es sobre a dieta, atividade f\u00edsica e objetivos de glicemia.<\/li>\n<li>\u200b\u200bMonitoriza\u00e7\u00e3o ideal: Todas as mulheres com diabetes devem verificar a sua glicemia regularmente, tanto durante as consultas cl\u00ednicas como em casa.<\/li>\n<li>Tratamento personalizado: Regimes de medica\u00e7\u00e3o espec\u00edficos para a diabetes tipo 1, tipo 2 e gestacional, quando a farmacoterapia \u00e9 necess\u00e1ria.<\/li>\n<li>Apoio especializado: Cuidados multidisciplinares a mulheres com diabetes pr\u00e9-existente.<\/li>\n<\/ul>\n<p>A OMS tamb\u00e9m salienta a import\u00e2ncia dos cuidados da diabetes serem integrados nos servi\u00e7os pr\u00e9-natais de rotina e garantir o acesso equitativo a medicamentos e tecnologias essenciais. Orienta\u00e7\u00f5es que refletem o tema de 2025 do Dia Mundial da Diabetes 2025, \u201cA diabetes em todas as fases da vida\u201d, reconhecendo que todas as pessoas que vivem com diabetes devem ter acesso a cuidados integrados, ambientes de apoio e pol\u00edticas que promovam a sa\u00fade, a dignidade e a autogest\u00e3o.<\/p>\n<p>A diabetes \u00e9 um dos desafios de sa\u00fade que mais tem vindo a crescer, com a OMS a referir que est\u00e1 a afetar mais de 800 milh\u00f5es de pessoas em todo o mundo. Uma condi\u00e7\u00e3o de sa\u00fade que \u00e9 uma das principais causas de doen\u00e7a card\u00edaca, insufici\u00eancia renal, cegueira e amputa\u00e7\u00e3o dos membros inferiores, e em que o impacto estende-se por gera\u00e7\u00f5es e sistemas de sa\u00fade.<\/p>\n<p>  <img decoding=\"async\" style=\"display:inline-block; margin-bottom:-1px;\" alt=\"Sugerir corre\u00e7\u00e3o\" title=\"Sugerir corre\u00e7\u00e3o\" width=\"10px\" src=\"https:\/\/www.europesays.com\/pt\/wp-content\/uploads\/2025\/07\/ico-edit.png\"\/> Sugira uma corre\u00e7\u00e3o   <\/p>\n","protected":false},"excerpt":{"rendered":"OMS lan\u00e7a orienta\u00e7\u00f5es sobre a diabetes na gravidez no Dia Mundial da Diabetes Quando se assinala o Dia&hellip;\n","protected":false},"author":2,"featured_media":153470,"comment_status":"","ping_status":"","sticky":false,"template":"","format":"standard","meta":{"footnotes":""},"categories":[86],"tags":[31231,116,13473,32,33,117],"class_list":{"0":"post-153469","1":"post","2":"type-post","3":"status-publish","4":"format-standard","5":"has-post-thumbnail","7":"category-saude","8":"tag-dia-mundial-da-diabetes","9":"tag-health","10":"tag-organizacao-mundial-da-saude","11":"tag-portugal","12":"tag-pt","13":"tag-saude"},"share_on_mastodon":{"url":"https:\/\/pubeurope.com\/@pt\/115557752474802091","error":""},"_links":{"self":[{"href":"https:\/\/www.europesays.com\/pt\/wp-json\/wp\/v2\/posts\/153469","targetHints":{"allow":["GET"]}}],"collection":[{"href":"https:\/\/www.europesays.com\/pt\/wp-json\/wp\/v2\/posts"}],"about":[{"href":"https:\/\/www.europesays.com\/pt\/wp-json\/wp\/v2\/types\/post"}],"author":[{"embeddable":true,"href":"https:\/\/www.europesays.com\/pt\/wp-json\/wp\/v2\/users\/2"}],"replies":[{"embeddable":true,"href":"https:\/\/www.europesays.com\/pt\/wp-json\/wp\/v2\/comments?post=153469"}],"version-history":[{"count":0,"href":"https:\/\/www.europesays.com\/pt\/wp-json\/wp\/v2\/posts\/153469\/revisions"}],"wp:featuredmedia":[{"embeddable":true,"href":"https:\/\/www.europesays.com\/pt\/wp-json\/wp\/v2\/media\/153470"}],"wp:attachment":[{"href":"https:\/\/www.europesays.com\/pt\/wp-json\/wp\/v2\/media?parent=153469"}],"wp:term":[{"taxonomy":"category","embeddable":true,"href":"https:\/\/www.europesays.com\/pt\/wp-json\/wp\/v2\/categories?post=153469"},{"taxonomy":"post_tag","embeddable":true,"href":"https:\/\/www.europesays.com\/pt\/wp-json\/wp\/v2\/tags?post=153469"}],"curies":[{"name":"wp","href":"https:\/\/api.w.org\/{rel}","templated":true}]}}