{"id":153471,"date":"2025-11-16T05:40:38","date_gmt":"2025-11-16T05:40:38","guid":{"rendered":"https:\/\/www.europesays.com\/pt\/153471\/"},"modified":"2025-11-16T05:40:38","modified_gmt":"2025-11-16T05:40:38","slug":"china-desaconselha-viagens-para-japao-apos-declaracoes-sobre-taiwan-asia","status":"publish","type":"post","link":"https:\/\/www.europesays.com\/pt\/153471\/","title":{"rendered":"China desaconselha viagens para Jap\u00e3o ap\u00f3s declara\u00e7\u00f5es sobre Taiwan | \u00c1sia"},"content":{"rendered":"<p>A China est\u00e1 a desaconselhar os cidad\u00e3os do pa\u00eds a viajarem para o Jap\u00e3o, na sequ\u00eancia das declara\u00e7\u00f5es da primeira-ministra nip\u00f3nica, Sanae Takaichi, sobre uma eventual interven\u00e7\u00e3o de T\u00f3quio num conflito no estreito de Taiwan.<\/p>\n<p>\u201cRecentemente, os l\u00edderes japoneses fizeram declara\u00e7\u00f5es abertamente provocadoras em rela\u00e7\u00e3o a Taiwan, prejudicando gravemente o clima de interc\u00e2mbio entre os povos\u201d, declarou, na sexta-feira \u00e0 noite, a embaixada da China em T\u00f3quio nas redes sociais.<\/p>\n<p>\u201cO Minist\u00e9rio dos Neg\u00f3cios Estrangeiros e a embaixada e consulados da China no Jap\u00e3o lembram solenemente aos cidad\u00e3os chineses que evitem viajar para o Jap\u00e3o num futuro pr\u00f3ximo\u201d, acrescenta-se na declara\u00e7\u00e3o.<\/p>\n<p>        &#13;<\/p>\n<p>&#13;<br \/>\n                &#13;\n            <\/p>\n<p>&#13;<\/p>\n<p>J\u00e1 este s\u00e1bado, segundo o South China Morning Post, as companhias a\u00e9reas chinesas Air China, China Southern e China Eastern anunciaram que v\u00e3o permitir o reembolso ou a altera\u00e7\u00e3o gratuita dos voos para os cidad\u00e3os do pa\u00eds que adquiriram bilhetes para viajar para o Jap\u00e3o at\u00e9 ao dia 31 de Dezembro.<\/p>\n<p>A emissora p\u00fablica japonesa NHK cita n\u00fameros oficiais que mostram que quase 7,5 milh\u00f5es de cidad\u00e3os chineses visitaram o Jap\u00e3o entre Janeiro e Setembro deste, sendo a China o pa\u00eds ou regi\u00e3o do mundo que leva mais turistas at\u00e9 ao pa\u00eds nip\u00f3nico e por larga vantagem.<\/p>\n<p>A ag\u00eancia noticiosa japonesa Kyodo noticia este s\u00e1bado que Minoru Kihara, chefe de gabinete do Governo do Jap\u00e3o, j\u00e1 pediu \u00e0s autoridades chinesas para tomarem \u201cmedidas adequadas\u201d para reverter os avisos de sexta-feira.<\/p>\n<p>H\u00e1 uma semana, a nova primeira-ministra japonesa, <a href=\"https:\/\/www.publico.pt\/2025\/11\/10\/mundo\/noticia\/toquio-afirma-ataque-militar-taiwan-justificaria-intervencao-forcas-japonesas-2154005\" target=\"_blank\" rel=\"nofollow noopener\">Sanae Takaichi, afirmou no Parlamento<\/a> que, se uma situa\u00e7\u00e3o de emerg\u00eancia em Taiwan implicasse \u201co envio de navios de guerra e o recurso \u00e0 for\u00e7a, isso poderia constituir uma amea\u00e7a \u00e0 sobreviv\u00eancia do Jap\u00e3o\u201d. \u201cTemos de considerar o pior cen\u00e1rio\u201d, afirmou.<\/p>\n<p>As declara\u00e7\u00f5es foram amplamente interpretadas como uma indica\u00e7\u00e3o de que um ataque a Taiwan poderia justificar o apoio militar japon\u00eas \u00e0 <a href=\"https:\/\/www.publico.pt\/2023\/12\/08\/mundo\/reportagem\/taiwan-licoes-ucrania-melhor-forma-deter-china-prepararmonos-pior-cenario-2072728\" target=\"_blank\" rel=\"nofollow noopener\">ilha reivindicada por Pequim<\/a> como uma prov\u00edncia chinesa.<\/p>\n<p>De acordo com a legisla\u00e7\u00e3o japonesa, o pa\u00eds s\u00f3 pode intervir militarmente em determinadas condi\u00e7\u00f5es, nomeadamente em caso de amea\u00e7a existencial \u2013 Taiwan fica apenas a 100 quil\u00f3metros da <a href=\"https:\/\/www.publico.pt\/2025\/03\/28\/mundo\/noticia\/japao-divulga-plano-evacuacao-ilhas-perto-taiwan-cenario-conflito-2127765\" target=\"_blank\" rel=\"nofollow noopener\">ilha japonesa mais pr\u00f3xima<\/a>.<\/p>\n<p>Na quinta-feira Pequim convocou o embaixador do Jap\u00e3o, considerando \u201cextremamente graves\u201d as declara\u00e7\u00f5es de Sanae Takaichi.<\/p>\n<p>Por seu lado, o Jap\u00e3o disse ter feito o mesmo com o embaixador da China, ap\u00f3s uma amea\u00e7a considerada \u201cextremamente inadequada\u201d por parte do c\u00f4nsul-geral da China em Osaca, Xue Jian.<\/p>\n<p>Numa mensagem entretanto apagada da rede social X, Xue amea\u00e7ou \u201ccortar a cabe\u00e7a suja sem a menor hesita\u00e7\u00e3o\u201d, citando um artigo que relatava a interven\u00e7\u00e3o de Takaichi.<\/p>\n<p>T\u00f3quio afirmou na sexta-feira que a posi\u00e7\u00e3o sobre Taiwan permanecia inalterada e defendeu \u201ca paz e a estabilidade\u201d.<\/p>\n<p>Taiwan \u00e9 uma ilha com Governo pr\u00f3prio desde 1949, que a China considera uma \u201cprov\u00edncia rebelde\u201d e parte inalien\u00e1vel de territ\u00f3rio chin\u00eas, tendo amea\u00e7ado v\u00e1rias vezes recorrer \u00e0 for\u00e7a para alcan\u00e7ar a \u201creunifica\u00e7\u00e3o\u201d.<\/p>\n<p>Apesar de ter reconhecido a Rep\u00fablica Popular da China como o \u00fanico Governo leg\u00edtimo em 1972, o Jap\u00e3o mant\u00e9m rela\u00e7\u00f5es n\u00e3o-oficiais com Taip\u00e9, e j\u00e1 o antigo primeiro-ministro <a href=\"https:\/\/www.publico.pt\/2022\/07\/08\/mundo\/noticia\/shinzo-abe-19542022-nacionalista-batalhou-lugar-japao-mundo-2013002\" target=\"_blank\" rel=\"nofollow noopener\">Shinzo Abe<\/a> (1954-2022) defendeu publicamente que qualquer invas\u00e3o da ilha justificaria uma resposta militar japonesa, no quadro do acordo de seguran\u00e7a com os Estados Unidos.<\/p>\n","protected":false},"excerpt":{"rendered":"A China est\u00e1 a desaconselhar os cidad\u00e3os do pa\u00eds a viajarem para o Jap\u00e3o, na sequ\u00eancia das declara\u00e7\u00f5es&hellip;\n","protected":false},"author":2,"featured_media":153472,"comment_status":"","ping_status":"","sticky":false,"template":"","format":"standard","meta":{"footnotes":""},"categories":[8],"tags":[367,1310,27,28,358,15,16,14,461,25,26,21,22,62,12,13,19,20,32,23,24,33,2365,17,18,29,30,31],"class_list":{"0":"post-153471","1":"post","2":"type-post","3":"status-publish","4":"format-standard","5":"has-post-thumbnail","7":"category-principais-noticias","8":"tag-asia","9":"tag-aviacao","10":"tag-breaking-news","11":"tag-breakingnews","12":"tag-china","13":"tag-featured-news","14":"tag-featurednews","15":"tag-headlines","16":"tag-japao","17":"tag-latest-news","18":"tag-latestnews","19":"tag-main-news","20":"tag-mainnews","21":"tag-mundo","22":"tag-news","23":"tag-noticias","24":"tag-noticias-principais","25":"tag-noticiasprincipais","26":"tag-portugal","27":"tag-principais-noticias","28":"tag-principaisnoticias","29":"tag-pt","30":"tag-taiwan","31":"tag-top-stories","32":"tag-topstories","33":"tag-ultimas","34":"tag-ultimas-noticias","35":"tag-ultimasnoticias"},"share_on_mastodon":{"url":"https:\/\/pubeurope.com\/@pt\/115557775695800572","error":""},"_links":{"self":[{"href":"https:\/\/www.europesays.com\/pt\/wp-json\/wp\/v2\/posts\/153471","targetHints":{"allow":["GET"]}}],"collection":[{"href":"https:\/\/www.europesays.com\/pt\/wp-json\/wp\/v2\/posts"}],"about":[{"href":"https:\/\/www.europesays.com\/pt\/wp-json\/wp\/v2\/types\/post"}],"author":[{"embeddable":true,"href":"https:\/\/www.europesays.com\/pt\/wp-json\/wp\/v2\/users\/2"}],"replies":[{"embeddable":true,"href":"https:\/\/www.europesays.com\/pt\/wp-json\/wp\/v2\/comments?post=153471"}],"version-history":[{"count":0,"href":"https:\/\/www.europesays.com\/pt\/wp-json\/wp\/v2\/posts\/153471\/revisions"}],"wp:featuredmedia":[{"embeddable":true,"href":"https:\/\/www.europesays.com\/pt\/wp-json\/wp\/v2\/media\/153472"}],"wp:attachment":[{"href":"https:\/\/www.europesays.com\/pt\/wp-json\/wp\/v2\/media?parent=153471"}],"wp:term":[{"taxonomy":"category","embeddable":true,"href":"https:\/\/www.europesays.com\/pt\/wp-json\/wp\/v2\/categories?post=153471"},{"taxonomy":"post_tag","embeddable":true,"href":"https:\/\/www.europesays.com\/pt\/wp-json\/wp\/v2\/tags?post=153471"}],"curies":[{"name":"wp","href":"https:\/\/api.w.org\/{rel}","templated":true}]}}