{"id":153479,"date":"2025-11-16T05:55:38","date_gmt":"2025-11-16T05:55:38","guid":{"rendered":"https:\/\/www.europesays.com\/pt\/153479\/"},"modified":"2025-11-16T05:55:38","modified_gmt":"2025-11-16T05:55:38","slug":"eddie-murphy-fala-sobre-rixa-com-o-saturday-night-live-15-11-2025-ilustrada","status":"publish","type":"post","link":"https:\/\/www.europesays.com\/pt\/153479\/","title":{"rendered":"Eddie Murphy fala sobre rixa com o &#8216;Saturday Night Live&#8217; &#8211; 15\/11\/2025 &#8211; Ilustrada"},"content":{"rendered":"<p>Por d\u00e9cadas, <a href=\"https:\/\/f5.folha.uol.com.br\/celebridades\/2025\/11\/eddie-murphy-expoe-intimidade-revisita-hits-e-encara-fracassos-em-documentario-da-netflix.shtml\" rel=\"nofollow noopener\" target=\"\">Eddie Murphy<\/a> se manteve afastado do <a href=\"https:\/\/www1.folha.uol.com.br\/ilustrada\/2025\/02\/saturday-night-live-reune-velhas-e-novas-geracoes-do-humor-para-celebrar-50-anos.shtml\" rel=\"nofollow noopener\" target=\"\">&#8220;Saturday Night Live&#8221;<\/a>, o programa que o tornou uma superestrela \u2014e que ele ajudou a manter vivo durante alguns dos seus anos mais dif\u00edceis na d\u00e9cada de 1980.A ruptura se tornou uma das mais famosas rixas do mundo do entretenimento.<\/p>\n<p>Murphy, que retornou para apresentar o programa em 2019, ap\u00f3s um intervalo de 35 anos, discutiu as origens de sua ira. Ele ofereceu sua reflex\u00e3o mais detalhada no novo document\u00e1rio da <a href=\"https:\/\/www1.folha.uol.com.br\/folha-topicos\/netflix\/\" rel=\"nofollow noopener\" target=\"_blank\">Netflix<\/a>, &#8220;Eu, Eddie&#8221;, que captura o alcance e a influ\u00eancia de sua longa carreira.<\/p>\n<p>O ator diz que ficou chateado porque o programa atacou um dos seus ex-integrantes. Ele havia se juntado ao elenco aos 19 anos em 1980, quando o programa buscava uma nova identidade ap\u00f3s a sa\u00edda de todos os membros do elenco original. Ele ajudou o &#8220;SNL&#8221; a fazer exatamente isso antes dele pr\u00f3prio encontrar um sucesso ainda maior como estrela de muitos sucessos de bilheteria na sua carreira solo. Seu filme de 1995 <a href=\"https:\/\/www1.folha.uol.com.br\/fsp\/1996\/4\/11\/ilustrada\/3.html\" rel=\"nofollow noopener\" target=\"\">&#8220;Um Vampiro no Brooklyn&#8221;<\/a> n\u00e3o foi um desses, arrecadando menos de US$ 20 milh\u00f5es no mercado americano.<\/p>\n<p>Esse foi o contexto para o momento que iniciou a rixa. No &#8220;Saturday Night Live&#8221;, o membro do elenco David Spade mostrou uma foto de Murphy sorrindo durante seu segmento Hollywood Minute no Weekend Update.<\/p>\n<p>&#8220;Olhem, crian\u00e7as, \u00e9 uma estrela cadente&#8221;, disse ele, fazendo um jogo de palavras como se Murphy, uma estrela, estivesse em decad\u00eancia . &#8220;Fa\u00e7am um pedido.&#8221;<\/p>\n<p>A piada provocou um misto de risadas e choque na plateia.<\/p>\n<p>Murphy n\u00e3o ficou chateado apenas com Spade, pois sabia que qualquer piada no programa precisava passar pela chefia antes de ser aprovada.<\/p>\n<p>&#8220;\u00c9 como se sua alma mater estivesse atacando voc\u00ea&#8221;, disse Murphy no document\u00e1rio. &#8220;Atacando minha carreira, n\u00e3o o qu\u00e3o engra\u00e7ado eu era. Me chamou de estrela decadente.&#8221;<\/p>\n<p>Murphy n\u00e3o compareceu ao especial de 25 anos do programa, em 1999. Ele retornou para o especial de 40 anos do programa e abra\u00e7ou Spade nos bastidores.<\/p>\n<p>No ano passado, Murphy disse ao New York Times que achou a piada racista.<\/p>\n<p>&#8220;A maioria das pessoas que saem daquele programa n\u00e3o t\u00eam carreiras incr\u00edveis&#8221;, disse ele. &#8220;Foi pessoal. Foi tipo, &#8216;Cara, como voc\u00ea p\u00f4de fazer isso?&#8217; Minha carreira? S\u00e9rio? Uma piada sobre minha carreira? Achei que foi um golpe baixo. E foi meio que, eu pensei \u2014senti que foi racista.&#8221;<\/p>\n<p>Spade abordou a piada em seu livro de 2015, &#8220;Almost Interesting&#8221; (quase interessante, em ingl\u00eas).<\/p>\n<p>&#8220;Tento n\u00e3o pensar nas v\u00edtimas quando fa\u00e7o piadas pesadas, mas \u00e0s vezes h\u00e1 consequ\u00eancias&#8221;, escreveu ele. &#8220;Sei com certeza que n\u00e3o consigo suportar quando isso vem na minha dire\u00e7\u00e3o. \u00c9 horr\u00edvel pelos mesmos motivos. Cheguei a entender o ponto de vista de Eddie sobre isso.&#8221;<\/p>\n<p>O document\u00e1rio capturou o t\u00e3o esperado retorno de Murphy ao Est\u00fadio 8H em uma noite em que ele revisitou alguns de seus personagens mais memor\u00e1veis, como Buckwheat e Gumby.<\/p>\n<p>Murphy lembrou que Lorne Michaels, criador do &#8220;SNL&#8221;, teve a ideia de reunir os comediantes negros Morgan, Chris Rock, <a href=\"https:\/\/www1.folha.uol.com.br\/ilustrada\/2024\/01\/dave-chappelle-ainda-faz-piadas-com-pessoas-trans-e-pcd-em-show-sem-surpresas.shtml\" rel=\"nofollow noopener\" target=\"\">Dave Chappelle<\/a> e Kenan Thompson para se juntarem a ele em seu mon\u00f3logo.<\/p>\n<p>&#8220;Foi um dos maiores &#8216;SNL&#8217;s de todos os tempos&#8221;, disse Rock no document\u00e1rio. &#8220;E eu fui at\u00e9 Lorne Michaels quando acabou, e disse: &#8216;Voc\u00ea deveria se aposentar agora. N\u00e3o vai ficar melhor que isso.'&#8221;<\/p>\n<p>Michaels ainda est\u00e1 no comando, \u00e9 claro, e Murphy apareceu no especial de 50\u00ba anivers\u00e1rio do programa.<\/p>\n<p>&#8220;Aquele pequeno atrito que tive com o &#8216;SNL&#8217; foi h\u00e1 35 anos&#8221;, disse ele no document\u00e1rio. &#8220;N\u00e3o tenho nenhum problema com David Spade. N\u00e3o tenho ressentimento com nada disso ou com ningu\u00e9m. Eu pensei: &#8216;Ei, vou ao &#8216;SNL&#8217; e vou resolver tudo isso.&#8217; E foi o que fiz.&#8221;<\/p>\n","protected":false},"excerpt":{"rendered":"Por d\u00e9cadas, Eddie Murphy se manteve afastado do &#8220;Saturday Night Live&#8221;, o programa que o tornou uma superestrela&hellip;\n","protected":false},"author":2,"featured_media":153480,"comment_status":"","ping_status":"","sticky":false,"template":"","format":"standard","meta":{"footnotes":""},"categories":[145],"tags":[207,1244,211,210,470,767,33093,114,115,236,716,32,33,12989,941,940,218],"class_list":{"0":"post-153479","1":"post","2":"type-post","3":"status-publish","4":"format-standard","5":"has-post-thumbnail","7":"category-celebridades","8":"tag-arte","9":"tag-ator","10":"tag-celebridades","11":"tag-celebrities","12":"tag-cinema","13":"tag-comedia","14":"tag-eddie-murphy","15":"tag-entertainment","16":"tag-entretenimento","17":"tag-folha","18":"tag-netflix","19":"tag-portugal","20":"tag-pt","21":"tag-saturday-night-live","22":"tag-series","23":"tag-streaming","24":"tag-televisao"},"share_on_mastodon":{"url":"https:\/\/pubeurope.com\/@pt\/115557834605091342","error":""},"_links":{"self":[{"href":"https:\/\/www.europesays.com\/pt\/wp-json\/wp\/v2\/posts\/153479","targetHints":{"allow":["GET"]}}],"collection":[{"href":"https:\/\/www.europesays.com\/pt\/wp-json\/wp\/v2\/posts"}],"about":[{"href":"https:\/\/www.europesays.com\/pt\/wp-json\/wp\/v2\/types\/post"}],"author":[{"embeddable":true,"href":"https:\/\/www.europesays.com\/pt\/wp-json\/wp\/v2\/users\/2"}],"replies":[{"embeddable":true,"href":"https:\/\/www.europesays.com\/pt\/wp-json\/wp\/v2\/comments?post=153479"}],"version-history":[{"count":0,"href":"https:\/\/www.europesays.com\/pt\/wp-json\/wp\/v2\/posts\/153479\/revisions"}],"wp:featuredmedia":[{"embeddable":true,"href":"https:\/\/www.europesays.com\/pt\/wp-json\/wp\/v2\/media\/153480"}],"wp:attachment":[{"href":"https:\/\/www.europesays.com\/pt\/wp-json\/wp\/v2\/media?parent=153479"}],"wp:term":[{"taxonomy":"category","embeddable":true,"href":"https:\/\/www.europesays.com\/pt\/wp-json\/wp\/v2\/categories?post=153479"},{"taxonomy":"post_tag","embeddable":true,"href":"https:\/\/www.europesays.com\/pt\/wp-json\/wp\/v2\/tags?post=153479"}],"curies":[{"name":"wp","href":"https:\/\/api.w.org\/{rel}","templated":true}]}}