{"id":153483,"date":"2025-11-16T05:59:09","date_gmt":"2025-11-16T05:59:09","guid":{"rendered":"https:\/\/www.europesays.com\/pt\/153483\/"},"modified":"2025-11-16T05:59:09","modified_gmt":"2025-11-16T05:59:09","slug":"estrela-sul-coreana-e-mae-ficam-feridas-apos-ao-imobilizar-invasor-durante-tentativa-de-roubo-o-globo","status":"publish","type":"post","link":"https:\/\/www.europesays.com\/pt\/153483\/","title":{"rendered":"Estrela sul-coreana e m\u00e3e ficam feridas ap\u00f3s ao imobilizar invasor durante tentativa de roubo &#8211; O Globo"},"content":{"rendered":"<ol>\n<li><a href=\"https:\/\/news.google.com\/rss\/articles\/CBMi5gFBVV95cUxPc2F4dUgwSWdiY2FaZjRqWHFONVJQSXpKRVRkbjZpdVNQaEQ2cHVPWHkyYXA3VlMtRlNDYm1DTFZMZXo3NXlyMkRkS040X3JXVVFNSk5CZmJjZUtibkJtZnhFSEhiWGI1S2VXY2FmY2hDXzFSSms0d0N0SU8yaDRGTmFSeUNsRUt2ZDFGdWJEaXVLWExsTDBsRlFxLW9JMnZLazBPakVKZWVHTHl4MWFjczFLYUZ1VVd5ZXVaRzllTnp6N3g2a0VDZ2t0ZEo2UkxjX1dOczFaaGZDTkxrR2ZzbXdlLXl5QdIB9AFBVV95cUxOZkhaY29yY2dLYUhqS3g2dzgxdjlWaVJWR0JaMFJnd1FPMC1FT3pkbWNyYWUycExIYkRJUHJycHhldGtEY3Z5WEo0R3hIWm5qY1gtdk1vbmFjOVFVZktoSWlua2hQNTN0T2s0SmZTUWtMLW8xeFAyWjg4S2NkaThCdFBfV0ZFeW9NQjJUSzlkcDV4SDU5THBjVDlPUi1XOHNCRlRqcHJMS1dwSVlYRHo3aWpoODZZc2ctdWJ4eEVzRXRrT01DU2I0VDN4Z2NqRjVsdU9zc1dsWlBhSXVOMFhzcDI3bGR5T3ZabmRBT045Y3RhVHJF?oc=5\" target=\"_blank\" rel=\"nofollow noopener\">Estrela sul-coreana e m\u00e3e ficam feridas ap\u00f3s ao imobilizar invasor durante tentativa de roubo<\/a>&nbsp;&nbsp;O Globo<\/li>\n<li><a href=\"https:\/\/news.google.com\/rss\/articles\/CBMipwFBVV95cUxQTWNETmRoNmVTY1NDZmk5S1htRC1OUGd6ZDA2UVVtQmV0ZW9lZTZqNW5DdWp3MFdOcWJLU205MHFQR0Jnb0VLRFdCOGQ1RDFZMUJwV2ZXdmlHZHp0Q0ZpM0EweHV4dUFDcTVsdEVvU19Bb1R0UmVtdnZjU0xkUEZGQ1M5SW5wdURFSE1KcEx6ekh6UHJJVFFJYTJVZTBpejY3MWhTNlBibw?oc=5\" target=\"_blank\" rel=\"nofollow noopener\">Idol de K-pop Nana imobiliza ladr\u00e3o ap\u00f3s invas\u00e3o de sua casa<\/a>&nbsp;&nbsp;Estad\u00e3o<\/li>\n<li><a href=\"https:\/\/news.google.com\/rss\/articles\/CBMie0FVX3lxTE04SVpQejFaaVlmSWRzUjJmXzJmMDFmVUctejk5THZZQ0RZSW5LclRTN1N4b093cVQ4X2tpUXBlTU5qSnlxcGVJeVVOcXZ5ckxMQldLRFJWT25JQnFwLTUwQzV4Q0VrY0gydmxzTmYwYm5TeXVVcDRlVU9SZw?oc=5\" target=\"_blank\" rel=\"nofollow noopener\">Nana e sua m\u00e3e foram feridas ap\u00f3s roubo, confirma ag\u00eancia<\/a>&nbsp;&nbsp;Billboard Brasil<\/li>\n<li><a href=\"https:\/\/news.google.com\/rss\/articles\/CBMiogFBVV95cUxOMXJSNGVuMWRaYmxLWERHOU1nRkVwdk5yTC04SVdROHlzeDJ1eFBVZ2tpb0xLTkFBNm1rZjVienVXWWlZdGMyelNmMXRzZWdTZHUxQ19Da0g1VFotOUJkMXYtdUVGUVBQLXBlVTZsS0Ntb3ZfN3g0R2xaZXFHUkJRODdtdWV4Zkp5WGc2SGJyaTlUdFJiNkxRNTFsY1JzX05RQkE?oc=5\" target=\"_blank\" rel=\"nofollow noopener\">A cantora considerada &#8220;a mais bela do mundo&#8221; conteve um assaltante armado que invadiu sua casa.<\/a>&nbsp;&nbsp;Vi\u1ec7t B\u00e1o<\/li>\n<\/ol>\n","protected":false},"excerpt":{"rendered":"Estrela sul-coreana e m\u00e3e ficam feridas ap\u00f3s ao imobilizar invasor durante tentativa de roubo&nbsp;&nbsp;O Globo Idol de K-pop&hellip;\n","protected":false},"author":2,"featured_media":13210,"comment_status":"","ping_status":"","sticky":false,"template":"","format":"standard","meta":{"footnotes":""},"categories":[141],"tags":[114,115,149,150,32,33],"class_list":{"0":"post-153483","1":"post","2":"type-post","3":"status-publish","4":"format-standard","5":"has-post-thumbnail","7":"category-musica","8":"tag-entertainment","9":"tag-entretenimento","10":"tag-music","11":"tag-musica","12":"tag-portugal","13":"tag-pt"},"share_on_mastodon":{"url":"https:\/\/pubeurope.com\/@pt\/115557850306716468","error":""},"_links":{"self":[{"href":"https:\/\/www.europesays.com\/pt\/wp-json\/wp\/v2\/posts\/153483","targetHints":{"allow":["GET"]}}],"collection":[{"href":"https:\/\/www.europesays.com\/pt\/wp-json\/wp\/v2\/posts"}],"about":[{"href":"https:\/\/www.europesays.com\/pt\/wp-json\/wp\/v2\/types\/post"}],"author":[{"embeddable":true,"href":"https:\/\/www.europesays.com\/pt\/wp-json\/wp\/v2\/users\/2"}],"replies":[{"embeddable":true,"href":"https:\/\/www.europesays.com\/pt\/wp-json\/wp\/v2\/comments?post=153483"}],"version-history":[{"count":0,"href":"https:\/\/www.europesays.com\/pt\/wp-json\/wp\/v2\/posts\/153483\/revisions"}],"wp:featuredmedia":[{"embeddable":true,"href":"https:\/\/www.europesays.com\/pt\/wp-json\/wp\/v2\/media\/13210"}],"wp:attachment":[{"href":"https:\/\/www.europesays.com\/pt\/wp-json\/wp\/v2\/media?parent=153483"}],"wp:term":[{"taxonomy":"category","embeddable":true,"href":"https:\/\/www.europesays.com\/pt\/wp-json\/wp\/v2\/categories?post=153483"},{"taxonomy":"post_tag","embeddable":true,"href":"https:\/\/www.europesays.com\/pt\/wp-json\/wp\/v2\/tags?post=153483"}],"curies":[{"name":"wp","href":"https:\/\/api.w.org\/{rel}","templated":true}]}}