{"id":153484,"date":"2025-11-16T06:09:22","date_gmt":"2025-11-16T06:09:22","guid":{"rendered":"https:\/\/www.europesays.com\/pt\/153484\/"},"modified":"2025-11-16T06:09:22","modified_gmt":"2025-11-16T06:09:22","slug":"um-dia-depois-de-casamento-com-joao-monteiro-cristina-ferreira-abraca-se-a-mulher-incrivel-veja-quem-e","status":"publish","type":"post","link":"https:\/\/www.europesays.com\/pt\/153484\/","title":{"rendered":"Um dia depois de &#8220;casamento&#8221; com Jo\u00e3o Monteiro, Cristina Ferreira abra\u00e7a-se a &#8220;mulher incr\u00edvel&#8221;: veja quem \u00e9!"},"content":{"rendered":"<p>Vestidos de noivos. \u00c9 desta forma que\u00a0<a href=\"https:\/\/selfie.iol.pt\/famosos\/cristina-ferreira\/cristina-ferreira-faz-anuncio-comeca-hoje-uma-nova-historia-de-amor\/20251114\/691766dfd34e3caad84b4db3\" target=\"_blank\" wbo-id=\"59\" rel=\"nofollow noopener\">Cristina Ferreira<\/a>\u00a0e Jo\u00e3o Monteiro surgem no v\u00eddeo promocional dos perfumes We &#8211; uma fragr\u00e2ncia para homem e outra para mulher -, que a apresentadora lan\u00e7ou, na passada sexta-feira, dia 14, num evento.<\/p>\n<p>Entretanto, menos de 24 horas ap\u00f3s este momento \u00fanico, Cristina Ferreira recorreu ao Instagram para deixar alguns agradecimentos a quem contribuiu para que este evento fosse inesquec\u00edvel.<\/p>\n<p>&#8220;Toda a decora\u00e7\u00e3o do evento ficou a cargo da <a href=\"https:\/\/www.instagram.com\/rdatelier_events\/\" target=\"_blank\" rel=\"nofollow noopener\">RD Atelier Events<\/a>. A Diana \u00e9 uma mulher incr\u00edvel, que sonha alto, que ontem estava t\u00e3o emocionada como eu, que vibra com cada projeto. Toda a equipa foi extraordin\u00e1ria. Merecem o maior aplauso&#8221;, assinalou, por exemplo, a comunicadora na legenda de uma imagem, na qual posa com Diana.<\/p>\n<p>Veja, agora, algumas das melhores imagens de Cristina Ferreira nas galerias de fotografias que prepar\u00e1mos para si.<\/p>\n<p><img decoding=\"async\" alt=\"\" onclick=\"\" src=\"https:\/\/www.europesays.com\/pt\/wp-content\/uploads\/2025\/11\/1763273362_537_1024.jpeg\" title=\"Cristina Ferreira\"\/><\/p>\n<p>                        <script async src=\"\/\/www.instagram.com\/embed.js\"><\/script><\/p>\n","protected":false},"excerpt":{"rendered":"Vestidos de noivos. \u00c9 desta forma que\u00a0Cristina Ferreira\u00a0e Jo\u00e3o Monteiro surgem no v\u00eddeo promocional dos perfumes We &#8211;&hellip;\n","protected":false},"author":2,"featured_media":153485,"comment_status":"","ping_status":"","sticky":false,"template":"","format":"standard","meta":{"footnotes":""},"categories":[145],"tags":[2632,1435,211,210,166,114,115,980,1015,6470,619,32,33,1012,162],"class_list":{"0":"post-153484","1":"post","2":"type-post","3":"status-publish","4":"format-standard","5":"has-post-thumbnail","7":"category-celebridades","8":"tag-casa-dos-segredos","9":"tag-casamento","10":"tag-celebridades","11":"tag-celebrities","12":"tag-cristina-ferreira","13":"tag-entertainment","14":"tag-entretenimento","15":"tag-famosos","16":"tag-instagram","17":"tag-joao-monteiro","18":"tag-nacional","19":"tag-portugal","20":"tag-pt","21":"tag-selfie","22":"tag-tvi"},"share_on_mastodon":{"url":"https:\/\/pubeurope.com\/@pt\/115557889871455763","error":""},"_links":{"self":[{"href":"https:\/\/www.europesays.com\/pt\/wp-json\/wp\/v2\/posts\/153484","targetHints":{"allow":["GET"]}}],"collection":[{"href":"https:\/\/www.europesays.com\/pt\/wp-json\/wp\/v2\/posts"}],"about":[{"href":"https:\/\/www.europesays.com\/pt\/wp-json\/wp\/v2\/types\/post"}],"author":[{"embeddable":true,"href":"https:\/\/www.europesays.com\/pt\/wp-json\/wp\/v2\/users\/2"}],"replies":[{"embeddable":true,"href":"https:\/\/www.europesays.com\/pt\/wp-json\/wp\/v2\/comments?post=153484"}],"version-history":[{"count":0,"href":"https:\/\/www.europesays.com\/pt\/wp-json\/wp\/v2\/posts\/153484\/revisions"}],"wp:featuredmedia":[{"embeddable":true,"href":"https:\/\/www.europesays.com\/pt\/wp-json\/wp\/v2\/media\/153485"}],"wp:attachment":[{"href":"https:\/\/www.europesays.com\/pt\/wp-json\/wp\/v2\/media?parent=153484"}],"wp:term":[{"taxonomy":"category","embeddable":true,"href":"https:\/\/www.europesays.com\/pt\/wp-json\/wp\/v2\/categories?post=153484"},{"taxonomy":"post_tag","embeddable":true,"href":"https:\/\/www.europesays.com\/pt\/wp-json\/wp\/v2\/tags?post=153484"}],"curies":[{"name":"wp","href":"https:\/\/api.w.org\/{rel}","templated":true}]}}