{"id":153488,"date":"2025-11-16T06:13:20","date_gmt":"2025-11-16T06:13:20","guid":{"rendered":"https:\/\/www.europesays.com\/pt\/153488\/"},"modified":"2025-11-16T06:13:20","modified_gmt":"2025-11-16T06:13:20","slug":"ouca-versao-de-chuck-schuldiner-death-para-hit-de-madonna","status":"publish","type":"post","link":"https:\/\/www.europesays.com\/pt\/153488\/","title":{"rendered":"Ou\u00e7a vers\u00e3o de Chuck Schuldiner (Death) para hit de Madonna"},"content":{"rendered":"<p>Nesta ter\u00e7a-feira (11), o perfil oficial do <strong>Death<\/strong> no Instagram compartilhou uma vers\u00e3o instrumental in\u00e9dita feita pelo saudoso vocalista e guitarrista <strong>Chuck Schuldiner<\/strong>, morto em 2001 aos 34 anos, para<strong> \u201cFrozen\u201d<\/strong>, sucesso de <strong>Madonna<\/strong>.<\/p>\n<p>Como voc\u00ea pode perceber ao final da mat\u00e9ria, o registro foi compartilhado com a banda atrav\u00e9s do sobrinho de Schuldiner, <strong>Chris Steele<\/strong>, que aparece no v\u00eddeo tocando a demo no aparelho de som do carro.<\/p>\n<p>Segundo Steele, Chuck gravou a cover durante os est\u00e1gios iniciais de sua luta contra um c\u00e2ncer cerebral e a vers\u00e3o se tornou uma de suas \u00faltimas grava\u00e7\u00f5es antes de falecer. Ao escrever sobre sua surpresa ao encontrar o material, Steele afirmou:<\/p>\n<p class=\"has-text-align-center\"><strong>\u201cEncontrei isso hoje enquanto revisitava algumas coisas. Chuck gravou isso nos est\u00e1gios iniciais de sua luta contra o c\u00e2ncer, me lembro bem. Chuck sentado em seu quarto com sua [guitarra] Stealth e uma bateria eletr\u00f4nica. N\u00e3o sei quantas pessoas al\u00e9m da fam\u00edlia e alguns amigos ouviram isso, mas \u00e9 de voc\u00eas. A vers\u00e3o de Chuck para o single \u2018Frozen\u2019 da Madonna, de 1998. \ud83e\udd18\ud83c\udffb\u201d<\/strong><\/p>\n<p>Que lembran\u00e7a boa!<\/p>\n<p>Ex-vocalista do Death gravou cover instrumental de Madonna antes de morrer<\/p>\n<p>Na se\u00e7\u00e3o de coment\u00e1rios da publica\u00e7\u00e3o, muitos f\u00e3s manifestaram sua saudade do m\u00fasico que n\u00e3o resistiu a uma forte pneumonia em decorr\u00eancia do c\u00e2ncer e nos deixou h\u00e1 quase 24 anos. Um deles comentou, emocionado:<\/p>\n<p class=\"has-text-align-center\"><strong>\u201cParei tudo o que estava fazendo s\u00f3 para ouvir isso, de olhos fechados, concentrado e sentindo toda a vibe. Muitas imagens do Chuck vieram \u00e0 minha mente, \u2018Voice of the Soul\u2019 me veio \u00e0 mente\u2026 Deixei escapar algumas l\u00e1grimas. Tantas emo\u00e7\u00f5es! Muito obrigado, Sr. Schuldiner. Sempre te amaremos\u2764\ufe0f\u2728\u201d<\/strong><\/p>\n<p>Outro internauta suavizou o clima:<\/p>\n<p class=\"has-text-align-center\"><strong>\u201cChuck tocando uma cover da Madonna. O melhor que voc\u00ea vai ouvir hoje \ud83d\udd25\u201d<\/strong><\/p>\n<p>Bateu saudades por a\u00ed?<\/p>\n<p>Nu Metal, Metalcore, Heavy Metal, Thrash e muito mais: todo peso das guitarras aparece na <strong>Playlist TMDQA! Metal<\/strong> para voc\u00ea ouvir cl\u00e1ssicos e conhecer novas bandas agora mesmo. <a href=\"https:\/\/open.spotify.com\/playlist\/0yBHT2tmV9ZevttWVCSge8?si=a1cd55eb48c74baa\" target=\"_blank\" rel=\"noreferrer noopener nofollow\">Siga o TMDQA! no Spotify!<\/a><\/p>\n","protected":false},"excerpt":{"rendered":"Nesta ter\u00e7a-feira (11), o perfil oficial do Death no Instagram compartilhou uma vers\u00e3o instrumental in\u00e9dita feita pelo saudoso&hellip;\n","protected":false},"author":2,"featured_media":153489,"comment_status":"","ping_status":"","sticky":false,"template":"","format":"standard","meta":{"footnotes":""},"categories":[141],"tags":[114,115,1046,149,150,32,33],"class_list":{"0":"post-153488","1":"post","2":"type-post","3":"status-publish","4":"format-standard","5":"has-post-thumbnail","7":"category-musica","8":"tag-entertainment","9":"tag-entretenimento","10":"tag-madonna","11":"tag-music","12":"tag-musica","13":"tag-portugal","14":"tag-pt"},"share_on_mastodon":{"url":"https:\/\/pubeurope.com\/@pt\/115557905467816371","error":""},"_links":{"self":[{"href":"https:\/\/www.europesays.com\/pt\/wp-json\/wp\/v2\/posts\/153488","targetHints":{"allow":["GET"]}}],"collection":[{"href":"https:\/\/www.europesays.com\/pt\/wp-json\/wp\/v2\/posts"}],"about":[{"href":"https:\/\/www.europesays.com\/pt\/wp-json\/wp\/v2\/types\/post"}],"author":[{"embeddable":true,"href":"https:\/\/www.europesays.com\/pt\/wp-json\/wp\/v2\/users\/2"}],"replies":[{"embeddable":true,"href":"https:\/\/www.europesays.com\/pt\/wp-json\/wp\/v2\/comments?post=153488"}],"version-history":[{"count":0,"href":"https:\/\/www.europesays.com\/pt\/wp-json\/wp\/v2\/posts\/153488\/revisions"}],"wp:featuredmedia":[{"embeddable":true,"href":"https:\/\/www.europesays.com\/pt\/wp-json\/wp\/v2\/media\/153489"}],"wp:attachment":[{"href":"https:\/\/www.europesays.com\/pt\/wp-json\/wp\/v2\/media?parent=153488"}],"wp:term":[{"taxonomy":"category","embeddable":true,"href":"https:\/\/www.europesays.com\/pt\/wp-json\/wp\/v2\/categories?post=153488"},{"taxonomy":"post_tag","embeddable":true,"href":"https:\/\/www.europesays.com\/pt\/wp-json\/wp\/v2\/tags?post=153488"}],"curies":[{"name":"wp","href":"https:\/\/api.w.org\/{rel}","templated":true}]}}