{"id":15349,"date":"2025-08-04T10:43:07","date_gmt":"2025-08-04T10:43:07","guid":{"rendered":"https:\/\/www.europesays.com\/pt\/15349\/"},"modified":"2025-08-04T10:43:07","modified_gmt":"2025-08-04T10:43:07","slug":"ja-e-conhecida-possivel-duracao-de-contrato-de-kerem-akturkoglu-no-fenerbahce","status":"publish","type":"post","link":"https:\/\/www.europesays.com\/pt\/15349\/","title":{"rendered":"J\u00e1 \u00e9 conhecida poss\u00edvel dura\u00e7\u00e3o de contrato de Kerem Akturkoglu no Fenerbah\u00e7e"},"content":{"rendered":"<p><strong>Kerem Akturkoglu est\u00e1 mais perto de deixar o Benfica e rumar ao Fenerbah\u00e7e. J\u00e1 se sabe a poss\u00edvel dura\u00e7\u00e3o de contrato.<\/strong><\/p>\n<p>Kerem Akturkoglu assinar\u00e1 um contrato v\u00e1lido de quatro temporadas at\u00e9 ao ver\u00e3o de 2029 com o Fenerbah\u00e7e, caso se concretize mesmo a mudan\u00e7a. A garantia \u00e9 dada pelo jornalista Nico Schira. <a href=\"https:\/\/bolanarede.pt\/especial-bola-na-rede\/atualidade\/atencao-benfica-kerem-akturkoglu-ja-tem-acordo-com-o-fenerbahce-de-jose-mourinho\/\" target=\"_blank\" rel=\"noreferrer noopener nofollow\">Akturkoglu j\u00e1 tem acordo <\/a>com o conjunto orientado por Jos\u00e9 Mourinho.<\/p>\n<p>Ainda assim, o\u00a0<a href=\"https:\/\/bolanarede.pt\/especial-bola-na-rede\/atualidade\/benfica-toma-decisao-imediata-quanto-ao-futuro-de-kerem-akturkoglu\/\" rel=\"nofollow noopener\" target=\"_blank\">Benfica quer adiar qualquer decis\u00e3o<\/a>. O\u00a0<a href=\"https:\/\/bolanarede.pt\/especial-bola-na-rede\/atualidade\/tensao-no-benfica-ha-novidades-sobre-a-possivel-ida-de-akturkoglu-para-o-fenerbahce\/\" target=\"_blank\" rel=\"noreferrer noopener nofollow\">representante de Akturkoglu est\u00e1 em Lisboa\u00a0<\/a>para participar nas negocia\u00e7\u00f5es da transfer\u00eancia e apaziguar qualquer atrito entre clubes.<\/p>\n<p>Inclusive, o Fenerbah\u00e7e enviou um jato privado para Lisboa em jeito de antecipa\u00e7\u00e3o da possibilidade de a transfer\u00eancia do internacional turco ficar conclu\u00edda ainda durante esta segunda-feira.<\/p>\n","protected":false},"excerpt":{"rendered":"Kerem Akturkoglu est\u00e1 mais perto de deixar o Benfica e rumar ao Fenerbah\u00e7e. J\u00e1 se sabe a poss\u00edvel&hellip;\n","protected":false},"author":2,"featured_media":15350,"comment_status":"","ping_status":"","sticky":false,"template":"","format":"standard","meta":{"footnotes":""},"categories":[87],"tags":[260,51,135,918,2231,32,33,134],"class_list":{"0":"post-15349","1":"post","2":"type-post","3":"status-publish","4":"format-standard","5":"has-post-thumbnail","7":"category-desporto","8":"tag-atualidade","9":"tag-benfica","10":"tag-desporto","11":"tag-fenerbahce","12":"tag-kerem-akturkoglu","13":"tag-portugal","14":"tag-pt","15":"tag-sports"},"share_on_mastodon":{"url":"","error":""},"_links":{"self":[{"href":"https:\/\/www.europesays.com\/pt\/wp-json\/wp\/v2\/posts\/15349","targetHints":{"allow":["GET"]}}],"collection":[{"href":"https:\/\/www.europesays.com\/pt\/wp-json\/wp\/v2\/posts"}],"about":[{"href":"https:\/\/www.europesays.com\/pt\/wp-json\/wp\/v2\/types\/post"}],"author":[{"embeddable":true,"href":"https:\/\/www.europesays.com\/pt\/wp-json\/wp\/v2\/users\/2"}],"replies":[{"embeddable":true,"href":"https:\/\/www.europesays.com\/pt\/wp-json\/wp\/v2\/comments?post=15349"}],"version-history":[{"count":0,"href":"https:\/\/www.europesays.com\/pt\/wp-json\/wp\/v2\/posts\/15349\/revisions"}],"wp:featuredmedia":[{"embeddable":true,"href":"https:\/\/www.europesays.com\/pt\/wp-json\/wp\/v2\/media\/15350"}],"wp:attachment":[{"href":"https:\/\/www.europesays.com\/pt\/wp-json\/wp\/v2\/media?parent=15349"}],"wp:term":[{"taxonomy":"category","embeddable":true,"href":"https:\/\/www.europesays.com\/pt\/wp-json\/wp\/v2\/categories?post=15349"},{"taxonomy":"post_tag","embeddable":true,"href":"https:\/\/www.europesays.com\/pt\/wp-json\/wp\/v2\/tags?post=15349"}],"curies":[{"name":"wp","href":"https:\/\/api.w.org\/{rel}","templated":true}]}}