{"id":153491,"date":"2025-11-16T06:26:20","date_gmt":"2025-11-16T06:26:20","guid":{"rendered":"https:\/\/www.europesays.com\/pt\/153491\/"},"modified":"2025-11-16T06:26:20","modified_gmt":"2025-11-16T06:26:20","slug":"ines-ficou-mais-forte-por-causa-de-dylan-concorrentes-comentam-com-o-enredo-de-casal-secret-story","status":"publish","type":"post","link":"https:\/\/www.europesays.com\/pt\/153491\/","title":{"rendered":"In\u00eas ficou mais forte por causa de Dylan? Concorrentes comentam: \u00abCom o enredo de casal&#8230;\u00bb &#8211; Secret Story"},"content":{"rendered":"<p>No Secret Story 9, Pedro, Marisa e Ana falam sobre o leque de nomeados desta semana e consideram que \u00e9 um dos grupos \u00abmais fortes\u00bb e n\u00e3o pouparam nas cr\u00edticas a alguns concorrentes que deveriam sair primeiro. Veja tudo.<\/p>\n<p><strong>Esta semana h\u00e1 cinco concorrentes em risco de abandonar a casa mais vigiada do Pa\u00eds no pr\u00f3ximo domingo.\u00a0<\/strong><\/p>\n<p>VOTE PARA SALVAR:<\/p>\n<p>ANA \u2013 761 20 20 01<br \/>ANA CRISTINA \u2013 761 20 20 02<br \/>DYLAN \u2013 761 20 20 07<br \/>LEANDRO \u2013 761 20 20 12<br \/>PEDRO &#8211; 761 20 20 18<\/p>\n<p><strong><a href=\"https:\/\/tvi.iol.pt\/secretstory\/aominuto\" rel=\"nofollow noopener\" target=\"_blank\">Acompanhe tudo o que se passa na casa mais vigiada do Pa\u00eds<\/a><\/strong><\/p>\n","protected":false},"excerpt":{"rendered":"No Secret Story 9, Pedro, Marisa e Ana falam sobre o leque de nomeados desta semana e consideram&hellip;\n","protected":false},"author":2,"featured_media":153492,"comment_status":"","ping_status":"","sticky":false,"template":"","format":"standard","meta":{"footnotes":""},"categories":[142],"tags":[19105,114,115,15353,18800,32,33,151,162,18801],"class_list":{"0":"post-153491","1":"post","2":"type-post","3":"status-publish","4":"format-standard","5":"has-post-thumbnail","7":"category-tv","8":"tag-dylan","9":"tag-entertainment","10":"tag-entretenimento","11":"tag-ines","12":"tag-momentos-virais-secret-story","13":"tag-portugal","14":"tag-pt","15":"tag-tv","16":"tag-tvi","17":"tag-videos-virais-concorrentes"},"share_on_mastodon":{"url":"https:\/\/pubeurope.com\/@pt\/115557956568847818","error":""},"_links":{"self":[{"href":"https:\/\/www.europesays.com\/pt\/wp-json\/wp\/v2\/posts\/153491","targetHints":{"allow":["GET"]}}],"collection":[{"href":"https:\/\/www.europesays.com\/pt\/wp-json\/wp\/v2\/posts"}],"about":[{"href":"https:\/\/www.europesays.com\/pt\/wp-json\/wp\/v2\/types\/post"}],"author":[{"embeddable":true,"href":"https:\/\/www.europesays.com\/pt\/wp-json\/wp\/v2\/users\/2"}],"replies":[{"embeddable":true,"href":"https:\/\/www.europesays.com\/pt\/wp-json\/wp\/v2\/comments?post=153491"}],"version-history":[{"count":0,"href":"https:\/\/www.europesays.com\/pt\/wp-json\/wp\/v2\/posts\/153491\/revisions"}],"wp:featuredmedia":[{"embeddable":true,"href":"https:\/\/www.europesays.com\/pt\/wp-json\/wp\/v2\/media\/153492"}],"wp:attachment":[{"href":"https:\/\/www.europesays.com\/pt\/wp-json\/wp\/v2\/media?parent=153491"}],"wp:term":[{"taxonomy":"category","embeddable":true,"href":"https:\/\/www.europesays.com\/pt\/wp-json\/wp\/v2\/categories?post=153491"},{"taxonomy":"post_tag","embeddable":true,"href":"https:\/\/www.europesays.com\/pt\/wp-json\/wp\/v2\/tags?post=153491"}],"curies":[{"name":"wp","href":"https:\/\/api.w.org\/{rel}","templated":true}]}}