{"id":153493,"date":"2025-11-16T06:33:09","date_gmt":"2025-11-16T06:33:09","guid":{"rendered":"https:\/\/www.europesays.com\/pt\/153493\/"},"modified":"2025-11-16T06:33:09","modified_gmt":"2025-11-16T06:33:09","slug":"cientistas-confirmam-o-que-esta-dentro-da-nossa-lua","status":"publish","type":"post","link":"https:\/\/www.europesays.com\/pt\/153493\/","title":{"rendered":"cientistas confirmam o que est\u00e1 dentro da nossa Lua"},"content":{"rendered":"<p>\u00c9 oficial. A Lua n\u00e3o \u00e9 feita de queijo verde. Uma investiga\u00e7\u00e3o publicada em maio de 2023 concluiu que o n\u00facleo interno lunar \u00e9 um corpo s\u00f3lido com densidade semelhante ao ferro. Esta descoberta ajuda a clarificar um debate antigo sobre se o cora\u00e7\u00e3o da Lua \u00e9 s\u00f3lido ou fundido e melhora a compreens\u00e3o da sua hist\u00f3ria e da evolu\u00e7\u00e3o do Sistema Solar.<\/p>\n<p><a target=\"_blank\" href=\"https:\/\/pplware.sapo.pt\/wp-content\/uploads\/2025\/11\/dento_da_lua00.webp\" rel=\"nofollow noopener\"><img fetchpriority=\"high\" decoding=\"async\" src=\"https:\/\/www.europesays.com\/pt\/wp-content\/uploads\/2025\/11\/dento_da_lua00-720x405.webp.webp\" alt=\"\" width=\"720\" height=\"405\" class=\"aligncenter size-medium wp-image-1088742\"  \/><\/a><\/p>\n<p>Declara\u00e7\u00f5es da Equipa de Investiga\u00e7\u00e3o<\/p>\n<p>A equipa liderada pelo astr\u00f3nomo Arthur Briaud, do Centro Nacional de Investiga\u00e7\u00e3o Cient\u00edfica de Fran\u00e7a, refere que os <strong>resultados colocam em causa a evolu\u00e7\u00e3o do campo magn\u00e9tico lunar<\/strong> ao demonstrarem a exist\u00eancia de um n\u00facleo interno s\u00f3lido, sustentando ainda um cen\u00e1rio de invers\u00e3o global do manto que acrescenta informa\u00e7\u00e3o relevante sobre a cronologia do bombardeamento lunar durante o primeiro milhar de milh\u00e3o de anos do <a target=\"_blank\" href=\"https:\/\/pplware.sapo.pt\/ciencia\/o-nosso-sistema-solar-esta-a-mover-se-3-vezes-mais-depressa-do-que-o-esperado\/\" rel=\"nofollow noopener\">Sistema Solar<\/a>.<\/p>\n<p>A an\u00e1lise da composi\u00e7\u00e3o interna de objetos do Sistema Solar <strong>depende sobretudo de dados s\u00edsmicos<\/strong>. As ondas ac\u00fasticas geradas por sismos planet\u00e1rios revelam como os materiais internos refletem e propagam essas vibra\u00e7\u00f5es.<\/p>\n<p>Existem dados s\u00edsmicos recolhidos pela <a target=\"_blank\" href=\"https:\/\/pplware.sapo.pt\/tag\/apollo\/\" rel=\"nofollow noopener\">miss\u00e3o Apollo<\/a>, mas a sua resolu\u00e7\u00e3o \u00e9 insuficiente para determinar com precis\u00e3o o estado do n\u00facleo interno. Sabemos que <strong>existe um n\u00facleo externo fluido<\/strong>, mas o seu alcance permanece sob debate.<\/p>\n<p>Tanto modelos com n\u00facleo interno s\u00f3lido como modelos com n\u00facleo totalmente fluido encaixam nos dados dispon\u00edveis.<\/p>\n<p>Para resolver a quest\u00e3o, Briaud e os colegas reuniram informa\u00e7\u00e3o de miss\u00f5es espaciais e experi\u00eancias de laser lunar, criando um perfil detalhado das caracter\u00edsticas da Lua, como deforma\u00e7\u00e3o causada pela gravidade terrestre, <strong>varia\u00e7\u00f5es na dist\u00e2ncia \u00e0 Terra e densidade global<\/strong>.<\/p>\n<p>De seguida, compararam estes dados com simula\u00e7\u00f5es de diferentes tipos de n\u00facleo para identificar o modelo mais pr\u00f3ximo da realidade.<\/p>\n<p><a target=\"_blank\" href=\"https:\/\/pplware.sapo.pt\/wp-content\/uploads\/2025\/11\/dento_da_lua02.webp\" rel=\"nofollow noopener\"><img loading=\"lazy\" decoding=\"async\" src=\"https:\/\/www.europesays.com\/pt\/wp-content\/uploads\/2025\/11\/dento_da_lua02-720x405.webp.webp\" alt=\"\" width=\"720\" height=\"405\" class=\"aligncenter size-medium wp-image-1088739\"  \/><\/a><\/p>\n<p>O Que Revelam os Novos Modelos<\/p>\n<p>Os resultados apontam para um processo ativo de <strong>invers\u00e3o profunda no manto lunar<\/strong>, onde materiais mais densos descem em dire\u00e7\u00e3o ao centro e materiais menos densos sobem. Este mecanismo ajuda a explicar a presen\u00e7a de elementos espec\u00edficos em <strong>zonas vulc\u00e2nicas da Lua<\/strong> e refor\u00e7a teorias anteriores.<\/p>\n<p>A equipa confirma ainda que o <strong>n\u00facleo lunar \u00e9 semelhante ao da Terra<\/strong>, composto por uma camada externa fluida e um n\u00facleo interno s\u00f3lido. Segundo as simula\u00e7\u00f5es, o <strong>n\u00facleo externo tem um raio de cerca de 362 quil\u00f3metros<\/strong> e o n\u00facleo interno cerca de 258 quil\u00f3metros, o que corresponde a aproximadamente 15% do raio total da Lua.<\/p>\n<p>O n\u00facleo interno apresenta uma densidade pr\u00f3xima dos <strong>7.822 quilogramas por metro c\u00fabico<\/strong>, valor muito semelhante ao do ferro.<\/p>\n<p><a target=\"_blank\" href=\"https:\/\/pplware.sapo.pt\/wp-content\/uploads\/2025\/11\/dento_da_lua03.webp\" rel=\"nofollow noopener\"><img loading=\"lazy\" decoding=\"async\" src=\"https:\/\/www.europesays.com\/pt\/wp-content\/uploads\/2025\/11\/dento_da_lua03-720x405.webp.webp\" alt=\"\" width=\"720\" height=\"405\" class=\"aligncenter size-medium wp-image-1088741\"  \/><\/a><\/p>\n<p>Curiosamente, em 2011, uma equipa liderada pela cientista planet\u00e1ria Renee Weber, da NASA Marshall, obteve resultados semelhantes aplicando t\u00e9cnicas s\u00edsmicas avan\u00e7adas aos dados Apollo. Encontraram ind\u00edcios de um n\u00facleo interno s\u00f3lido com cerca de 240 quil\u00f3metros e densidade aproximada de <strong>8.000 quilogramas por metro c\u00fabico<\/strong>.<\/p>\n<p>Segundo <a target=\"_blank\" href=\"https:\/\/www.nature.com\/articles\/s41586-023-05935-7\" rel=\"nofollow noopener\">Briaud<\/a> e a sua equipa, os novos resultados confirmam essas descobertas anteriores e refor\u00e7am a exist\u00eancia de um n\u00facleo lunar semelhante ao da Terra, com implica\u00e7\u00f5es importantes para compreender a evolu\u00e7\u00e3o da Lua.<\/p>\n<p>Implica\u00e7\u00f5es Para a Hist\u00f3ria Lunar<\/p>\n<p>Sabe-se que, pouco depois de se formar, a Lua possu\u00eda um campo magn\u00e9tico intenso, que come\u00e7ou a diminuir h\u00e1 cerca de 3,2 mil milh\u00f5es de anos. Esse campo \u00e9 gerado por movimentos e convec\u00e7\u00e3o no n\u00facleo, pelo que a sua composi\u00e7\u00e3o ajuda a explicar como e por que raz\u00e3o o magnetismo lunar desapareceu.<\/p>\n<p>Com o regresso da humanidade \u00e0 Lua previsto para breve, poder\u00e1 n\u00e3o demorar muito at\u00e9 que novos dados s\u00edsmicos permitam confirmar estas conclus\u00f5es.\u00a0A investiga\u00e7\u00e3o foi publicada na <a target=\"_blank\" href=\"https:\/\/www.nature.com\/articles\/s41586-023-05935-7\" rel=\"nofollow noopener\">revista Nature<\/a>.<\/p>\n","protected":false},"excerpt":{"rendered":"\u00c9 oficial. A Lua n\u00e3o \u00e9 feita de queijo verde. Uma investiga\u00e7\u00e3o publicada em maio de 2023 concluiu&hellip;\n","protected":false},"author":2,"featured_media":153494,"comment_status":"","ping_status":"","sticky":false,"template":"","format":"standard","meta":{"footnotes":""},"categories":[83],"tags":[88,89,90,2179,1149,32,33],"class_list":{"0":"post-153493","1":"post","2":"type-post","3":"status-publish","4":"format-standard","5":"has-post-thumbnail","7":"category-empresas","8":"tag-business","9":"tag-economy","10":"tag-empresas","11":"tag-lua","12":"tag-nasa","13":"tag-portugal","14":"tag-pt"},"share_on_mastodon":{"url":"https:\/\/pubeurope.com\/@pt\/115557984422346999","error":""},"_links":{"self":[{"href":"https:\/\/www.europesays.com\/pt\/wp-json\/wp\/v2\/posts\/153493","targetHints":{"allow":["GET"]}}],"collection":[{"href":"https:\/\/www.europesays.com\/pt\/wp-json\/wp\/v2\/posts"}],"about":[{"href":"https:\/\/www.europesays.com\/pt\/wp-json\/wp\/v2\/types\/post"}],"author":[{"embeddable":true,"href":"https:\/\/www.europesays.com\/pt\/wp-json\/wp\/v2\/users\/2"}],"replies":[{"embeddable":true,"href":"https:\/\/www.europesays.com\/pt\/wp-json\/wp\/v2\/comments?post=153493"}],"version-history":[{"count":0,"href":"https:\/\/www.europesays.com\/pt\/wp-json\/wp\/v2\/posts\/153493\/revisions"}],"wp:featuredmedia":[{"embeddable":true,"href":"https:\/\/www.europesays.com\/pt\/wp-json\/wp\/v2\/media\/153494"}],"wp:attachment":[{"href":"https:\/\/www.europesays.com\/pt\/wp-json\/wp\/v2\/media?parent=153493"}],"wp:term":[{"taxonomy":"category","embeddable":true,"href":"https:\/\/www.europesays.com\/pt\/wp-json\/wp\/v2\/categories?post=153493"},{"taxonomy":"post_tag","embeddable":true,"href":"https:\/\/www.europesays.com\/pt\/wp-json\/wp\/v2\/tags?post=153493"}],"curies":[{"name":"wp","href":"https:\/\/api.w.org\/{rel}","templated":true}]}}