{"id":153497,"date":"2025-11-16T06:42:08","date_gmt":"2025-11-16T06:42:08","guid":{"rendered":"https:\/\/www.europesays.com\/pt\/153497\/"},"modified":"2025-11-16T06:42:08","modified_gmt":"2025-11-16T06:42:08","slug":"grammy-latino-veja-os-melhores-looks-dos-artistas-na-premiacao","status":"publish","type":"post","link":"https:\/\/www.europesays.com\/pt\/153497\/","title":{"rendered":"Grammy Latino: veja os melhores looks dos artistas na premia\u00e7\u00e3o"},"content":{"rendered":"<p class=\"my-5 break-words group-[.isActiveSource]:text-xl\">A 26\u00aa edi\u00e7\u00e3o da cerim\u00f4nia do\u00a0<strong class=\"group-[.isActiveSource]:text-xl group-[.isActiveSource]:font-bold group-[.isActiveSource]:text-xl group-[.isActiveSource]:font-bold group-[.isActiveSource]:text-xl group-[.isActiveSource]:font-bold\">Grammy Latino<\/strong>\u00a0ocorre nesta quinta-feira (13), na\u00a0<strong class=\"group-[.isActiveSource]:text-xl group-[.isActiveSource]:font-bold group-[.isActiveSource]:text-xl group-[.isActiveSource]:font-bold group-[.isActiveSource]:text-xl group-[.isActiveSource]:font-bold\">MGM Grand Garden Arena,<\/strong> em Las Vegas, Estados Unidos. No evento, as estrelas da m\u00fasica exibiram seus respectivos looks de gala durante o tapete vermelho para a noite especial. Veja as fotos na galeria acima.<\/p>\n<p class=\"my-5 break-words group-[.isActiveSource]:text-xl\">Ana Castela, por exemplo, apostou em um look all white com detalhes brilhosos e franjas. A cantora Liniker, um dos destaques da noite, usou um vestido marrom longo com uma fenda funda na perna. A pe\u00e7a \u00e9 exclusiva do at\u00ealie Andre Betio.<\/p>\n<p class=\"my-5 break-words group-[.isActiveSource]:text-xl\">Dentre os destaques deste ano, est\u00e3o nomes como <strong class=\"group-[.isActiveSource]:text-xl group-[.isActiveSource]:font-bold group-[.isActiveSource]:text-xl group-[.isActiveSource]:font-bold group-[.isActiveSource]:text-xl group-[.isActiveSource]:font-bold\">Bad Bunny<\/strong>\u00a0e\u00a0<strong class=\"group-[.isActiveSource]:text-xl group-[.isActiveSource]:font-bold group-[.isActiveSource]:text-xl group-[.isActiveSource]:font-bold group-[.isActiveSource]:text-xl group-[.isActiveSource]:font-bold\">CA7RIEL &amp; Paco Amoroso<\/strong>. Alguns dos brasileiros mais contemplados nas categorias foram\u00a0<strong class=\"group-[.isActiveSource]:text-xl group-[.isActiveSource]:font-bold group-[.isActiveSource]:text-xl group-[.isActiveSource]:font-bold group-[.isActiveSource]:text-xl group-[.isActiveSource]:font-bold group-[.isActiveSource]:text-xl group-[.isActiveSource]:font-bold\"><a class=\"text-red-600 underline hover:text-red-500 font-medium break-words group-[.isActiveSource]:text-xl\" href=\"https:\/\/www.cnnbrasil.com.br\/entretenimento\/grammy-latino-liniker-disputa-categorias-principais-com-bad-bunny-e-outros\/\" target=\"_blank\" rel=\"noopener noreferrer nofollow\">Liniker<\/a>, Marina Sena, Ana Castela e Alcione.<\/strong><\/p>\n","protected":false},"excerpt":{"rendered":"A 26\u00aa edi\u00e7\u00e3o da cerim\u00f4nia do\u00a0Grammy Latino\u00a0ocorre nesta quinta-feira (13), na\u00a0MGM Grand Garden Arena, em Las Vegas, Estados&hellip;\n","protected":false},"author":2,"featured_media":153498,"comment_status":"","ping_status":"","sticky":false,"template":"","format":"standard","meta":{"footnotes":""},"categories":[141],"tags":[114,115,149,150,32,33],"class_list":{"0":"post-153497","1":"post","2":"type-post","3":"status-publish","4":"format-standard","5":"has-post-thumbnail","7":"category-musica","8":"tag-entertainment","9":"tag-entretenimento","10":"tag-music","11":"tag-musica","12":"tag-portugal","13":"tag-pt"},"share_on_mastodon":{"url":"https:\/\/pubeurope.com\/@pt\/115558019943374947","error":""},"_links":{"self":[{"href":"https:\/\/www.europesays.com\/pt\/wp-json\/wp\/v2\/posts\/153497","targetHints":{"allow":["GET"]}}],"collection":[{"href":"https:\/\/www.europesays.com\/pt\/wp-json\/wp\/v2\/posts"}],"about":[{"href":"https:\/\/www.europesays.com\/pt\/wp-json\/wp\/v2\/types\/post"}],"author":[{"embeddable":true,"href":"https:\/\/www.europesays.com\/pt\/wp-json\/wp\/v2\/users\/2"}],"replies":[{"embeddable":true,"href":"https:\/\/www.europesays.com\/pt\/wp-json\/wp\/v2\/comments?post=153497"}],"version-history":[{"count":0,"href":"https:\/\/www.europesays.com\/pt\/wp-json\/wp\/v2\/posts\/153497\/revisions"}],"wp:featuredmedia":[{"embeddable":true,"href":"https:\/\/www.europesays.com\/pt\/wp-json\/wp\/v2\/media\/153498"}],"wp:attachment":[{"href":"https:\/\/www.europesays.com\/pt\/wp-json\/wp\/v2\/media?parent=153497"}],"wp:term":[{"taxonomy":"category","embeddable":true,"href":"https:\/\/www.europesays.com\/pt\/wp-json\/wp\/v2\/categories?post=153497"},{"taxonomy":"post_tag","embeddable":true,"href":"https:\/\/www.europesays.com\/pt\/wp-json\/wp\/v2\/tags?post=153497"}],"curies":[{"name":"wp","href":"https:\/\/api.w.org\/{rel}","templated":true}]}}