{"id":153501,"date":"2025-11-16T06:48:13","date_gmt":"2025-11-16T06:48:13","guid":{"rendered":"https:\/\/www.europesays.com\/pt\/153501\/"},"modified":"2025-11-16T06:48:13","modified_gmt":"2025-11-16T06:48:13","slug":"pesquisador-da-deepseek-alerta-sobre-o-impacto-da-ia-metro-world-news-brasil","status":"publish","type":"post","link":"https:\/\/www.europesays.com\/pt\/153501\/","title":{"rendered":"pesquisador da DeepSeek alerta sobre o impacto da IA \u2013 Metro World News Brasil"},"content":{"rendered":"<p class=\"c-paragraph\">Embora a intelig\u00eancia artificial continue a deslumbrar com seus feitos e manchetes, nem todos nos bastidores compartilham o mesmo entusiasmo pelo que est\u00e1 por vir. Em uma rara apari\u00e7\u00e3o p\u00fablica, um dos idealizadores da DeepSeek \u2014 a promissora empresa chinesa de IA \u2014 fez um alerta bastante direto: o futuro do trabalho (e da sociedade) pode estar em risco. E n\u00e3o daqui a s\u00e9culos, mas mais cedo do que gostar\u00edamos.<\/p>\n<p class=\"c-paragraph\"><a href=\"https:\/\/whatsapp.com\/channel\/0029VagOAzf1CYoLjr27UZ1B\" rel=\"nofollow noopener\" target=\"_blank\">Clique para receber not\u00edcias de Tecnologia e Ci\u00eancias pelo WhatsApp<\/a><\/p>\n<p><b>DeepSeek quebra o sil\u00eancio&#8230; e n\u00e3o com boas not\u00edcias<\/b><\/p>\n<p class=\"c-paragraph\">Durante a Confer\u00eancia Mundial da Internet em Wuzhen, na China, Chen Deli, pesquisador s\u00eanior da DeepSeek, subiu ao palco ao lado de representantes de outras empresas de tecnologia conhecidas como os \u201cseis pequenos drag\u00f5es\u201d da IA. Sua interven\u00e7\u00e3o? Uma dose de realismo sobre o que a revolu\u00e7\u00e3o inteligente pode trazer.<\/p>\n<p class=\"c-paragraph\">Chen n\u00e3o poupou palavras: nos pr\u00f3ximos 5 a 10 anos, a IA poder\u00e1 substituir uma parcela significativa do trabalho humano. E nos 10 a 20 anos seguintes, praticamente todo ele. Ele esclareceu, no entanto, que n\u00e3o \u00e9 contra o desenvolvimento tecnol\u00f3gico. Na verdade, ele se considera \u201cextremamente otimista\u201d em rela\u00e7\u00e3o \u00e0 evolu\u00e7\u00e3o da IA. O problema, segundo ele, \u00e9 o impacto social que esse desenvolvimento pode ter se n\u00e3o for gerenciado adequadamente.<\/p>\n<p class=\"c-paragraph\">\u201cA sociedade pode enfrentar um enorme desafio. As empresas de tecnologia devem assumir o papel de defensoras\u201d, afirmou Chen.<\/p>\n<p><b>De fen\u00f4meno global a s\u00edmbolo nacional<\/b><\/p>\n<p class=\"c-paragraph\">Desde sua ascens\u00e3o explosiva em janeiro \u2014 quando a DeepSeek revelou um modelo de IA de c\u00f3digo aberto que superou gigantes americanos a uma fra\u00e7\u00e3o do custo \u2014 a empresa se tornou motivo de orgulho nacional na China.<\/p>\n<p class=\"c-paragraph\">O pr\u00f3prio Xi Jinping recebeu seu CEO, Liang Wenfeng, em uma reuni\u00e3o televisionada com l\u00edderes empresariais. Mas, fora desse momento midi\u00e1tico, a DeepSeek manteve um perfil discreto: sem grandes atualiza\u00e7\u00f5es, sem presen\u00e7a em confer\u00eancias importantes e com pouca intera\u00e7\u00e3o p\u00fablica.<\/p>\n<p class=\"c-paragraph\">Isso n\u00e3o impediu que a empresa permanecesse proeminente. Seus an\u00fancios, embora pouco frequentes, continuam a impactar o setor. Em setembro, por exemplo, lan\u00e7aram seu modelo V3, descrito como mais eficiente e capaz de processar textos longos.<\/p>\n<p class=\"c-paragraph\">Al\u00e9m disso, em agosto, um novo modelo otimizado para chips fabricados na China impulsionou as a\u00e7\u00f5es de empresas locais como Cambricon e Huawei. Otimismo tecnol\u00f3gico, mas pessimismo social?<\/p>\n<p class=\"c-paragraph\">A DeepSeek tornou-se um ator fundamental no ecossistema de IA da China e uma parte essencial de sua estrat\u00e9gia para reduzir a depend\u00eancia tecnol\u00f3gica de pa\u00edses estrangeiros.<\/p>\n<p class=\"c-paragraph\">No entanto, as palavras de Chen Deli refletem uma tens\u00e3o crescente: o progresso \u00e9 inevit\u00e1vel, mas tamb\u00e9m o impacto social que pode deixar milh\u00f5es de trabalhadores para tr\u00e1s se nenhuma a\u00e7\u00e3o for tomada.<\/p>\n<p class=\"c-paragraph\">Seu apelo para que as empresas se tornem \u201cdefensoras\u201d da sociedade \u00e9 significativo. Implica uma vis\u00e3o em que a responsabilidade recai n\u00e3o apenas sobre os governos, mas tamb\u00e9m sobre aqueles que desenvolvem a tecnologia.<\/p>\n<p><b>Estamos preparados para uma IA que faz tudo?<\/b><\/p>\n<p class=\"c-paragraph\">A interven\u00e7\u00e3o de Chen deixou claro que a IA n\u00e3o \u00e9 mais um experimento de laborat\u00f3rio: \u00e9 uma realidade que avan\u00e7a a passos largos. O que antes era uma promessa futurista agora amea\u00e7a redefinir \u2014 e talvez desestabilizar \u2014 o mundo do trabalho.<\/p>\n<p class=\"c-paragraph\"><b>LEIA TAMB\u00c9M:<\/b><\/p>\n<p class=\"c-paragraph\"><a href=\"https:\/\/www.metroworldnews.com.br\/ciencia-e-tecnologia\/2025\/11\/10\/steve-jobs-literalmente-pagava-pessoas-para-discutirem-com-ele\/\" rel=\"nofollow noopener\" target=\"_blank\"><b>Steve Jobs literalmente pagava pessoas para discutirem com ele<\/b><\/a><\/p>\n<p class=\"c-paragraph\"><a href=\"https:\/\/www.metroworldnews.com.br\/ciencia-e-tecnologia\/2025\/11\/10\/elon-musk-aponta-qual-sera-a-chave-para-vencer-a-guerra-do-futuro\/\" rel=\"nofollow noopener\" target=\"_blank\"><b>Elon Musk aponta qual ser\u00e1 a chave para vencer a \u201cguerra do futuro\u201d<\/b><\/a><\/p>\n<p class=\"c-paragraph\"><a href=\"https:\/\/www.metroworldnews.com.br\/ciencia-e-tecnologia\/2025\/11\/10\/nao-envelheceu-bem-dragon-ball-tem-varios-momentos-controversos-que-nao-seriam-bem-recebidos-hoje-em-dia\/\" rel=\"nofollow noopener\" target=\"_blank\"><b>N\u00e3o envelheceu bem: Dragon Ball tem v\u00e1rios momentos controversos que n\u00e3o seriam bem recebidos hoje em dia<\/b><\/a><\/p>\n<p class=\"c-paragraph\">A DeepSeek, apesar do sigilo, trouxe o debate de volta \u00e0 tona: qual \u00e9 o verdadeiro custo do progresso? E estamos dispostos a pag\u00e1-lo? Porque, embora os modelos possam ser treinados mais rapidamente e com menos energia, os dilemas humanos n\u00e3o s\u00e3o resolvidos com um simples comando.<\/p>\n<p class=\"c-paragraph\">E como diria um programador s\u00e1bio: com grande poder computacional&#8230; vem grande responsabilidade.<\/p>\n","protected":false},"excerpt":{"rendered":"Embora a intelig\u00eancia artificial continue a deslumbrar com seus feitos e manchetes, nem todos nos bastidores compartilham o&hellip;\n","protected":false},"author":2,"featured_media":153502,"comment_status":"","ping_status":"","sticky":false,"template":"","format":"standard","meta":{"footnotes":""},"categories":[83],"tags":[88,3587,89,90,13621,33094,414,33095,32,33,110],"class_list":{"0":"post-153501","1":"post","2":"type-post","3":"status-publish","4":"format-standard","5":"has-post-thumbnail","7":"category-empresas","8":"tag-business","9":"tag-deepseek","10":"tag-economy","11":"tag-empresas","12":"tag-futuro","13":"tag-futuro-ia","14":"tag-ia","15":"tag-impacto-ia","16":"tag-portugal","17":"tag-pt","18":"tag-tecnologia"},"share_on_mastodon":{"url":"https:\/\/pubeurope.com\/@pt\/115558042990666241","error":""},"_links":{"self":[{"href":"https:\/\/www.europesays.com\/pt\/wp-json\/wp\/v2\/posts\/153501","targetHints":{"allow":["GET"]}}],"collection":[{"href":"https:\/\/www.europesays.com\/pt\/wp-json\/wp\/v2\/posts"}],"about":[{"href":"https:\/\/www.europesays.com\/pt\/wp-json\/wp\/v2\/types\/post"}],"author":[{"embeddable":true,"href":"https:\/\/www.europesays.com\/pt\/wp-json\/wp\/v2\/users\/2"}],"replies":[{"embeddable":true,"href":"https:\/\/www.europesays.com\/pt\/wp-json\/wp\/v2\/comments?post=153501"}],"version-history":[{"count":0,"href":"https:\/\/www.europesays.com\/pt\/wp-json\/wp\/v2\/posts\/153501\/revisions"}],"wp:featuredmedia":[{"embeddable":true,"href":"https:\/\/www.europesays.com\/pt\/wp-json\/wp\/v2\/media\/153502"}],"wp:attachment":[{"href":"https:\/\/www.europesays.com\/pt\/wp-json\/wp\/v2\/media?parent=153501"}],"wp:term":[{"taxonomy":"category","embeddable":true,"href":"https:\/\/www.europesays.com\/pt\/wp-json\/wp\/v2\/categories?post=153501"},{"taxonomy":"post_tag","embeddable":true,"href":"https:\/\/www.europesays.com\/pt\/wp-json\/wp\/v2\/tags?post=153501"}],"curies":[{"name":"wp","href":"https:\/\/api.w.org\/{rel}","templated":true}]}}