{"id":153507,"date":"2025-11-16T06:57:20","date_gmt":"2025-11-16T06:57:20","guid":{"rendered":"https:\/\/www.europesays.com\/pt\/153507\/"},"modified":"2025-11-16T06:57:20","modified_gmt":"2025-11-16T06:57:20","slug":"vaza-a-primeira-imagem-do-senhor-fantastico-com-novo-uniforme","status":"publish","type":"post","link":"https:\/\/www.europesays.com\/pt\/153507\/","title":{"rendered":"Vaza a primeira imagem do Senhor Fant\u00e1stico com novo uniforme"},"content":{"rendered":"<p><a href=\"https:\/\/legadodamarvel.com.br\/filme\/vingadores-doomsday\" rel=\"nofollow noopener\" target=\"_blank\">Vingadores 5: Doomsday<\/a> contar\u00e1 com diversos personagens, e, entre os que ter\u00e3o mais destaque, est\u00e1 o <strong>Senhor Fant\u00e1stico <\/strong>(<a href=\"https:\/\/legadodamarvel.com.br\/personalidade\/pedro-pascal\/\" rel=\"nofollow noopener\" target=\"_blank\">Pedro Pascal<\/a>).<\/p>\n<p>Sim, como n\u00e3o poderia deixar de ser, o l\u00edder do Quarteto Fant\u00e1stico est\u00e1 confirmado no filme, assim como toda a equipe. O retorno do grupo era inevit\u00e1vel, afinal, o vil\u00e3o do filme ningu\u00e9m menos que o Doutor Destino.<\/p>\n<p>Vingadores 5 ter\u00e1 o Senhor Fant\u00e1stico om novo visual!<\/p>\n<p>Outro detalhe inevit\u00e1vel \u00e9 que, a cada filme, a Marvel mude o uniforme dos seus her\u00f3is. Essa t\u00e1tica \u00e9 realizada para que possam ser produzidos novos bonecos dos personagens.<\/p>\n<p>E essas mudan\u00e7as acontecer\u00e3o nos uniformes do Quarteto Fant\u00e1stico. Uma imagem vazada no <a href=\"https:\/\/x.com\/sedgemasters\/status\/1989520888803270749?s=46\" rel=\"nofollow\">4Chan<\/a>, h\u00e1 mais de um m\u00eas, revelou o Pedro Pascal fazendo teste de figurino para o novo filme dos Vingadores. Confira abaixo:<\/p>\n<p> <img loading=\"lazy\" decoding=\"async\" class=\"lazyload aligncenter size-full wp-image-165569\" viewbox=\"0 0 1034 832\" src=\"https:\/\/www.europesays.com\/pt\/wp-content\/uploads\/2025\/11\/vingadores-5-imagem-vazada-senhor-fantastico-legadodamarvel.webp.webp\" alt=\"vingadores 5 imagem vazada senhor fant\u00e1stico\" width=\"1034\" height=\"832\"  data-\/><\/p>\n<p>A imagem parece ver\u00eddica, afinal, em uma arte oficial de Vingadores 5, o Senhor Fant\u00e1stico aparece de fato usado um jaleco por cima do uniforme. Relembre a arte logo abaixo:<\/p>\n<p> <img loading=\"lazy\" decoding=\"async\" class=\"lazyload aligncenter size-full wp-image-165522\" viewbox=\"0 0 1200 669\" src=\"https:\/\/www.europesays.com\/pt\/wp-content\/uploads\/2025\/11\/vingadores-5-imagem-vazada-pantera-negra-legadodamarvel.webp.webp\" alt=\"\" width=\"1200\" height=\"669\"  data-\/>Mudan\u00e7as no visual!<\/p>\n<p>Na imagem acima, os outros membros do Quarteto Fant\u00e1stico tamb\u00e9m aparecem com mudan\u00e7as em seu uniforme, come exce\u00e7\u00e3o do Coisa. Por exemplo, a Mulher Invis\u00edvel e o Tocha Humana surgem usando uma jaqueta.<\/p>\n<p>Al\u00e9m disso, a arte vazada tamb\u00e9m mostra o Franklin Richards maior e o pr\u00f3prio Doutor Destino. Em suma, Vingadores 5 parece ser realmente uma continua\u00e7\u00e3o de Quarteto Fant\u00e1stico: Primeiros Passos, filme que j\u00e1 est\u00e1 dispon\u00edvel no Disney+.<\/p>\n<p><strong>LEIA TAMB\u00c9M:<\/strong><\/p>\n<p>O que acharam? Deixe sua opini\u00e3o nos coment\u00e1rios e, por fim, continue acompanhando o\u00a0<strong>Legado da Marvel\u00a0<\/strong>para n\u00e3o perder nenhuma novidade!<\/p>\n","protected":false},"excerpt":{"rendered":"Vingadores 5: Doomsday contar\u00e1 com diversos personagens, e, entre os que ter\u00e3o mais destaque, est\u00e1 o Senhor Fant\u00e1stico&hellip;\n","protected":false},"author":2,"featured_media":153508,"comment_status":"","ping_status":"","sticky":false,"template":"","format":"standard","meta":{"footnotes":""},"categories":[140],"tags":[114,115,147,148,146,32,33,14176],"class_list":{"0":"post-153507","1":"post","2":"type-post","3":"status-publish","4":"format-standard","5":"has-post-thumbnail","7":"category-filmes","8":"tag-entertainment","9":"tag-entretenimento","10":"tag-film","11":"tag-filmes","12":"tag-movies","13":"tag-portugal","14":"tag-pt","15":"tag-vingadores-doomsday"},"share_on_mastodon":{"url":"https:\/\/pubeurope.com\/@pt\/115558078645379501","error":""},"_links":{"self":[{"href":"https:\/\/www.europesays.com\/pt\/wp-json\/wp\/v2\/posts\/153507","targetHints":{"allow":["GET"]}}],"collection":[{"href":"https:\/\/www.europesays.com\/pt\/wp-json\/wp\/v2\/posts"}],"about":[{"href":"https:\/\/www.europesays.com\/pt\/wp-json\/wp\/v2\/types\/post"}],"author":[{"embeddable":true,"href":"https:\/\/www.europesays.com\/pt\/wp-json\/wp\/v2\/users\/2"}],"replies":[{"embeddable":true,"href":"https:\/\/www.europesays.com\/pt\/wp-json\/wp\/v2\/comments?post=153507"}],"version-history":[{"count":0,"href":"https:\/\/www.europesays.com\/pt\/wp-json\/wp\/v2\/posts\/153507\/revisions"}],"wp:featuredmedia":[{"embeddable":true,"href":"https:\/\/www.europesays.com\/pt\/wp-json\/wp\/v2\/media\/153508"}],"wp:attachment":[{"href":"https:\/\/www.europesays.com\/pt\/wp-json\/wp\/v2\/media?parent=153507"}],"wp:term":[{"taxonomy":"category","embeddable":true,"href":"https:\/\/www.europesays.com\/pt\/wp-json\/wp\/v2\/categories?post=153507"},{"taxonomy":"post_tag","embeddable":true,"href":"https:\/\/www.europesays.com\/pt\/wp-json\/wp\/v2\/tags?post=153507"}],"curies":[{"name":"wp","href":"https:\/\/api.w.org\/{rel}","templated":true}]}}