{"id":153509,"date":"2025-11-16T07:02:17","date_gmt":"2025-11-16T07:02:17","guid":{"rendered":"https:\/\/www.europesays.com\/pt\/153509\/"},"modified":"2025-11-16T07:02:17","modified_gmt":"2025-11-16T07:02:17","slug":"nem-byd-nem-tesla-este-e-o-surpreendente-carro-mais-vendido-do-mundo-em-2025","status":"publish","type":"post","link":"https:\/\/www.europesays.com\/pt\/153509\/","title":{"rendered":"Nem BYD, nem Tesla! Este \u00e9 o (surpreendente) carro mais vendido do mundo em 2025"},"content":{"rendered":"<p class=\"leading\">\n                O mercado dos h\u00edbridos ganhou muita tra\u00e7\u00e3o entre os consumidores em 2025. As vendas de carros el\u00e9tricos estagnaram&#8230;            <\/p>\n<p>        <img decoding=\"async\" alt=\"byd e tesla\" height=\"900\" src=\"https:\/\/www.europesays.com\/pt\/wp-content\/uploads\/2025\/11\/byd-e-tesla.jpg\" width=\"1600\" fetchpriority=\"high\"\/><br \/>\nShutterstock (com edi\u00e7\u00e3o Gemini)<\/p>\n<p>Entre <strong>janeiro e outubro de 2025<\/strong>, o <strong>Toyota RAV4<\/strong> liderou o mercado global, conseguindo um aumento de 1,5% nas vendas. Esta ligeira subida traduziu-se em <strong>mais de 2,1 milh\u00f5es de unidades vendias<\/strong>. Assim sendo, o SUV destronou (finalmente) o <a href=\"https:\/\/4gnews.pt\/tesla-model-y-barato-ja-chegou-a-portugal-e-este-e-o-preco\/\" target=\"_blank\" rel=\"noreferrer noopener nofollow\"><strong>Tesla Model Y<\/strong><\/a>, que detinha o t\u00edtulo de mais vendido nos \u00faltimos anos. E qual \u00e9 o <a href=\"https:\/\/4gnews.pt\/estas-foram-as-marcas-de-carros-mais-vendidas-em-portugal-lider-e-intocavel\/\" target=\"_blank\" rel=\"noreferrer noopener nofollow\">cen\u00e1rio em Portugal<\/a>?<\/p>\n<p>Dados da <a href=\"https:\/\/motorsactu.com\/quelle-est-la-voiture-la-plus-vendu-en-2025\" target=\"_blank\" rel=\"nofollow noreferrer noopener\">MotorsActu<\/a> revelam que esta mudan\u00e7a no topo das vendas reflete uma transforma\u00e7\u00e3o mais ampla, em que os <strong>h\u00edbridos ganham relev\u00e2ncia enquanto os el\u00e9tricos 100% come\u00e7am a mostrar sinais de estagna\u00e7\u00e3o<\/strong>. Fatores como confian\u00e7a dos consumidores, desafios de infraestrutura e desempenho no dia a dia influenciam diretamente estas escolhas.<\/p>\n<p>Os cinco carros mais vendidos do planeta em 2025<\/p>\n<ul>\n<li><strong>Toyota RAV4<\/strong> com 2,1 milh\u00f5es de unidades<\/li>\n<li><strong>Toyota Corolla<\/strong> com 1,9 milh\u00f5es de unidades<\/li>\n<li><strong>Tesla Model Y<\/strong> com 1,8 milh\u00f5es de unidades<\/li>\n<li><strong>Ford F 150<\/strong> com 1,6 milh\u00f5es de unidades<\/li>\n<li><strong>Honda CRV<\/strong> com 1,4 milh\u00f5es de unidades<\/li>\n<\/ul>\n<p>Se s\u00f3 tivermos em conta <strong>SUV&#8217;s<\/strong>, a <a href=\"https:\/\/motorsactu.com\/quelle-est-la-voiture-la-plus-vendu-en-2025\" target=\"_blank\" rel=\"nofollow noreferrer noopener\">Focus2Move<\/a>, o top-10 \u00e9 o seguinte:<\/p>\n<ul>\n<li><strong>Toyota RAV4<\/strong> \u2013 2,5% de quota (+1,5%)<\/li>\n<li><strong>Tesla Model Y<\/strong> \u2013 2,4% de quota (-11,2%)<\/li>\n<li><strong>Honda CR-V<\/strong> \u2013 1,8% de quota (+0,5%)<\/li>\n<li><strong>Hyundai Tucson<\/strong> \u2013 varia\u00e7\u00e3o +3,4%<\/li>\n<li><strong>Kia Sportage<\/strong> \u2013 varia\u00e7\u00e3o +0,8%<\/li>\n<li><strong>Volkswagen Tiguan<\/strong> \u2013 varia\u00e7\u00e3o +4,9%<\/li>\n<li><strong>BYD Song<\/strong> \u2013 varia\u00e7\u00e3o -19,5%<\/li>\n<li><strong>Honda HR-V<\/strong> \u2013 varia\u00e7\u00e3o +0,3%<\/li>\n<li><strong>Mazda CX-5<\/strong> \u2013 varia\u00e7\u00e3o +11,9%<\/li>\n<li><strong>Chevrolet Equinox<\/strong> \u2013 varia\u00e7\u00e3o +43,3%<\/li>\n<\/ul>\n<p>Principais conclus\u00f5es<\/p>\n<p>Com <strong>2025<\/strong> a caminhar a passos largos para o fim, come\u00e7am a chegar as primeiras previs\u00f5es sobre o mercado autom\u00f3vel. A expectativa \u00e9 que feche o ano com um <strong>crescimento na ordem dos 2%<\/strong>, somando cerca de <strong>80,4 milh\u00f5es de ve\u00edculos vendidos<\/strong>.<\/p>\n<p>Outro dado importante \u00e9 a <strong>subida de 20% nas vendas de h\u00edbridos<\/strong> n\u00e3o recarreg\u00e1veis, que \u00e9 justificada pelo ainda ceticismo crescente em rela\u00e7\u00e3o aos <a href=\"https:\/\/4gnews.pt\/carros-eletricos-ou-a-combustao-afinal-quem-polui-mais\/\" target=\"_blank\" rel=\"noreferrer noopener nofollow\"><strong>carros el\u00e9tricos<\/strong><\/a>. A tend\u00eancia indica uma prefer\u00eancia global por solu\u00e7\u00f5es interm\u00e9dias que ofere\u00e7am efici\u00eancia, menor depend\u00eancia da infraestrutura e custos mais previs\u00edveis.<\/p>\n<p>\ud83c\udfc6 <strong>Pr\u00e9mios 4gnews 2025<\/strong><br \/>Vota nos teus favoritos e ganha pr\u00e9mios incr\u00edveis.<br \/>\ud83d\udc49 <a href=\"https:\/\/4gnews.pt\/premios-4gnews\/\" rel=\"nofollow noopener\" target=\"_blank\">Votar agora<\/a><\/p>\n<p>Promo\u00e7\u00e3o do dia<br \/>\n<a href=\"https:\/\/amzn.to\/3XBKWf3\" target=\"_blank\" rel=\"nofollow noreferrer noopener\"><img decoding=\"async\" alt=\"Miracase 2025 Suporte m\u00f3vel carro\" height=\"488\" width=\"650\" class=\"lazyload\" src=\"https:\/\/www.europesays.com\/pt\/wp-content\/uploads\/2025\/11\/miracase-2025-suporte-movel-carro-51nc4qycfrl-sl500.jpg\" loading=\"lazy\"\/><\/a><\/p>\n<p>Oferta por tempo limitado<\/p>\n<p>10,69 \u20acAmazon<\/p>\n<p>16,99 \u20ac-37%<\/p>\n<p class=\"inline-related-title\">Editores 4gnews recomendam:<\/p>\n","protected":false},"excerpt":{"rendered":"O mercado dos h\u00edbridos ganhou muita tra\u00e7\u00e3o entre os consumidores em 2025. As vendas de carros el\u00e9tricos estagnaram&#8230;&hellip;\n","protected":false},"author":2,"featured_media":153510,"comment_status":"","ping_status":"","sticky":false,"template":"","format":"standard","meta":{"footnotes":""},"categories":[83],"tags":[88,89,90,32,33],"class_list":{"0":"post-153509","1":"post","2":"type-post","3":"status-publish","4":"format-standard","5":"has-post-thumbnail","7":"category-empresas","8":"tag-business","9":"tag-economy","10":"tag-empresas","11":"tag-portugal","12":"tag-pt"},"share_on_mastodon":{"url":"https:\/\/pubeurope.com\/@pt\/115558098365265143","error":""},"_links":{"self":[{"href":"https:\/\/www.europesays.com\/pt\/wp-json\/wp\/v2\/posts\/153509","targetHints":{"allow":["GET"]}}],"collection":[{"href":"https:\/\/www.europesays.com\/pt\/wp-json\/wp\/v2\/posts"}],"about":[{"href":"https:\/\/www.europesays.com\/pt\/wp-json\/wp\/v2\/types\/post"}],"author":[{"embeddable":true,"href":"https:\/\/www.europesays.com\/pt\/wp-json\/wp\/v2\/users\/2"}],"replies":[{"embeddable":true,"href":"https:\/\/www.europesays.com\/pt\/wp-json\/wp\/v2\/comments?post=153509"}],"version-history":[{"count":0,"href":"https:\/\/www.europesays.com\/pt\/wp-json\/wp\/v2\/posts\/153509\/revisions"}],"wp:featuredmedia":[{"embeddable":true,"href":"https:\/\/www.europesays.com\/pt\/wp-json\/wp\/v2\/media\/153510"}],"wp:attachment":[{"href":"https:\/\/www.europesays.com\/pt\/wp-json\/wp\/v2\/media?parent=153509"}],"wp:term":[{"taxonomy":"category","embeddable":true,"href":"https:\/\/www.europesays.com\/pt\/wp-json\/wp\/v2\/categories?post=153509"},{"taxonomy":"post_tag","embeddable":true,"href":"https:\/\/www.europesays.com\/pt\/wp-json\/wp\/v2\/tags?post=153509"}],"curies":[{"name":"wp","href":"https:\/\/api.w.org\/{rel}","templated":true}]}}