{"id":153513,"date":"2025-11-16T07:11:20","date_gmt":"2025-11-16T07:11:20","guid":{"rendered":"https:\/\/www.europesays.com\/pt\/153513\/"},"modified":"2025-11-16T07:11:20","modified_gmt":"2025-11-16T07:11:20","slug":"harry-potter-e-o-calice-de-fogo-completa-20-anos-e-volta-aos-cinemas-teste-sua-memoria-da-saga-com-o-quiz","status":"publish","type":"post","link":"https:\/\/www.europesays.com\/pt\/153513\/","title":{"rendered":"&#8216;Harry Potter e o c\u00e1lice de fogo&#8217; completa 20 anos e volta aos cinemas; teste sua mem\u00f3ria da saga com o quiz"},"content":{"rendered":"\n<p class=\" content-text__container \" data-track-category=\"Link no Texto\" data-track-links=\"\"> Harry (Daniel Radcliffe) retorna a Hogwarts e se v\u00ea envolvido no perigoso Torneio Tribruxo, uma competi\u00e7\u00e3o entre as maiores escolas de magia. Mesmo sem se inscrever, seu nome \u00e9 misteriosamente escolhido pelo c\u00e1lice de fogo, for\u00e7ando-o a enfrentar desafios mortais e um inimigo cada vez mais pr\u00f3ximo. <\/p>\n<p class=\" content-text__container \" data-track-category=\"Link no Texto\" data-track-links=\"\"> Para celebrar o relan\u00e7amento nos cinemas, preparamos um quiz especial para testar sua mem\u00f3ria: ser\u00e1 que voc\u00ea ainda lembra todos os detalhes dessa aventura \u00e9pica em Hogwarts? <\/p>\n","protected":false},"excerpt":{"rendered":"Harry (Daniel Radcliffe) retorna a Hogwarts e se v\u00ea envolvido no perigoso Torneio Tribruxo, uma competi\u00e7\u00e3o entre as&hellip;\n","protected":false},"author":2,"featured_media":153514,"comment_status":"","ping_status":"","sticky":false,"template":"","format":"standard","meta":{"footnotes":""},"categories":[140],"tags":[114,115,147,148,146,32,33],"class_list":{"0":"post-153513","1":"post","2":"type-post","3":"status-publish","4":"format-standard","5":"has-post-thumbnail","7":"category-filmes","8":"tag-entertainment","9":"tag-entretenimento","10":"tag-film","11":"tag-filmes","12":"tag-movies","13":"tag-portugal","14":"tag-pt"},"share_on_mastodon":{"url":"https:\/\/pubeurope.com\/@pt\/115558133502197859","error":""},"_links":{"self":[{"href":"https:\/\/www.europesays.com\/pt\/wp-json\/wp\/v2\/posts\/153513","targetHints":{"allow":["GET"]}}],"collection":[{"href":"https:\/\/www.europesays.com\/pt\/wp-json\/wp\/v2\/posts"}],"about":[{"href":"https:\/\/www.europesays.com\/pt\/wp-json\/wp\/v2\/types\/post"}],"author":[{"embeddable":true,"href":"https:\/\/www.europesays.com\/pt\/wp-json\/wp\/v2\/users\/2"}],"replies":[{"embeddable":true,"href":"https:\/\/www.europesays.com\/pt\/wp-json\/wp\/v2\/comments?post=153513"}],"version-history":[{"count":0,"href":"https:\/\/www.europesays.com\/pt\/wp-json\/wp\/v2\/posts\/153513\/revisions"}],"wp:featuredmedia":[{"embeddable":true,"href":"https:\/\/www.europesays.com\/pt\/wp-json\/wp\/v2\/media\/153514"}],"wp:attachment":[{"href":"https:\/\/www.europesays.com\/pt\/wp-json\/wp\/v2\/media?parent=153513"}],"wp:term":[{"taxonomy":"category","embeddable":true,"href":"https:\/\/www.europesays.com\/pt\/wp-json\/wp\/v2\/categories?post=153513"},{"taxonomy":"post_tag","embeddable":true,"href":"https:\/\/www.europesays.com\/pt\/wp-json\/wp\/v2\/tags?post=153513"}],"curies":[{"name":"wp","href":"https:\/\/api.w.org\/{rel}","templated":true}]}}