{"id":153517,"date":"2025-11-16T07:20:13","date_gmt":"2025-11-16T07:20:13","guid":{"rendered":"https:\/\/www.europesays.com\/pt\/153517\/"},"modified":"2025-11-16T07:20:13","modified_gmt":"2025-11-16T07:20:13","slug":"acidente-leva-emilio-dantas-a-citar-presenca-de-angela-diniz-em-bastidor-de-serie","status":"publish","type":"post","link":"https:\/\/www.europesays.com\/pt\/153517\/","title":{"rendered":"Acidente leva Em\u00edlio Dantas a citar \u201cpresen\u00e7a\u201d de \u00c2ngela Diniz em bastidor de s\u00e9rie"},"content":{"rendered":"<p data-start=\"208\" data-end=\"601\">Durante as grava\u00e7\u00f5es de \u00c2ngela Diniz: Assassinada e Condenada, produ\u00e7\u00e3o da HBO lan\u00e7ada na quinta-feira (13), <a href=\"https:\/\/natelinha.uol.com.br\/famosos\/tudo-sobre\/emilio-dantas\" rel=\"nofollow noopener\" target=\"_blank\">Emilio Dantas<\/a> viveu um epis\u00f3dio que ele pr\u00f3prio descreve como marcante.<\/p>\n<p data-start=\"208\" data-end=\"601\">O ator interpreta Doca Street, respons\u00e1vel pelo assassinato de <a href=\"https:\/\/natelinha.uol.com.br\/famosos\/tudo-sobre\/angela-diniz\" rel=\"nofollow noopener\" target=\"_blank\">\u00c2ngela Diniz<\/a> em B\u00fazios, e afirma ter lidado com uma esp\u00e9cie de \u201cpresen\u00e7a\u201d simb\u00f3lica da v\u00edtima ap\u00f3s sofrer um acidente logo no in\u00edcio das filmagens.<\/p>\n<p data-start=\"603\" data-end=\"1040\">Dantas conta para Revista Veja que, ao come\u00e7ar as cenas, prendeu o dedo mindinho na porta de um Maverick usado na s\u00e9rie. O carro, de \u00e9poca, \u00e9 descrito por ele como pesado.<\/p>\n<p data-start=\"603\" data-end=\"1040\">\u201cLogo no in\u00edcio das grava\u00e7\u00f5es, tranquei o mindinho no Maverick, que \u00e9 um carro pesad\u00edssimo, de \u00e9poca. Ent\u00e3o convivi com uma dor alucinante durante todo o processo\u201d, afirma. O epis\u00f3dio, segundo o ator, carregou um sentido inesperado: \u201cTalvez tenha sido alguma presen\u00e7a da Angela ali\u201d.<\/p>\n<p data-start=\"603\" data-end=\"1040\">+\u00a0<a href=\"https:\/\/natelinha.uol.com.br\/colunas\/tvxtv\/2023\/01\/29\/atuacao-da-semana-emilio-dantas-e-o-vilao-que-o-brasil-merece-193265.php\" target=\"_blank\" rel=\"noopener noreferrer nofollow\">Atua\u00e7\u00e3o da Semana: Em\u00edlio Dantas \u00e9 o vil\u00e3o que o Brasil merece<\/a><\/p>\n<p data-start=\"1042\" data-end=\"1472\">A prepara\u00e7\u00e3o para interpretar Doca Street partiu de uma pesquisa extensa. Dantas afirma ter buscado documentos, registros em v\u00eddeo e entrevistas para reunir material sobre o caso.<\/p>\n<p data-start=\"1042\" data-end=\"1472\">\u201cProcurei o m\u00e1ximo de documentos que exista, de entrevistas, filmagens\u2026 Tentei juntar o m\u00e1ximo de informa\u00e7\u00e3o que existia na internet, com a produ\u00e7\u00e3o, com o pessoal do podcast (Praia dos Ossos) e que, apesar de todo esse embasamento, \u00e9 pouco\u201d, relata.<\/p>\n<p data-start=\"1474\" data-end=\"1813\">Ele complementa dizendo que tamb\u00e9m revisitou contextos conhecidos ao longo da vida. O ator afirma ter recorrido a lembran\u00e7as de d\u00e9cadas anteriores para compreender situa\u00e7\u00f5es de viol\u00eancia que acompanhou no per\u00edodo.<\/p>\n<p data-start=\"1474\" data-end=\"1813\">\u201cRevistei os lugares que conheci, da minha viv\u00eancia, da d\u00e9cada de 1980, 90, 2000, de tudo que vi acontecendo de feminic\u00eddio\u201d, explicou.<\/p>\n<p data-start=\"1815\" data-end=\"2147\">Dantas diz ter buscado uma interpreta\u00e7\u00e3o ancorada no que se sabe sobre o autor do crime. \u201cN\u00e3o compus o Doca, tentei seguir o que ele foi realmente, um criminoso\u201d, afirma.<\/p>\n<p>Em\u00edlio Dantas na s\u00e9rie \u00c2ngela Diniz<\/p>\n<p><img decoding=\"async\" loading=\"lazy\" class=\"horizontal\" src=\"https:\/\/www.europesays.com\/pt\/wp-content\/uploads\/2025\/11\/rubinho-a-forca-do-querer-emilio-dantas_bb91e8041b181b685cf3c82854f89a8c05302357.jpeg\" alt=\"imagem-texto\"\/><\/p>\n<p data-start=\"1815\" data-end=\"2147\">A s\u00e9rie dramatiza o assassinato de \u00c2ngela Diniz e os desdobramentos do caso, que se tornou um marco na discuss\u00e3o p\u00fablica sobre viol\u00eancia contra mulheres no pa\u00eds.<\/p>\n<p data-start=\"1815\" data-end=\"2147\">+\u00a0<a href=\"https:\/\/natelinha.uol.com.br\/famosos\/2023\/01\/15\/emilio-dantas-solta-o-verbo-contra-artistas-que-defendem-bolsonaro-192681.php\" target=\"_blank\" rel=\"noopener noreferrer nofollow\">Emilio Dantas solta o verbo contra artistas que defendem Bolsonaro<\/a><\/p>\n<p data-start=\"2149\" data-end=\"2464\">O ator relata que atravessou toda a etapa de grava\u00e7\u00f5es sentindo a dor provocada pelo acidente inicial. A associa\u00e7\u00e3o que faz entre o epis\u00f3dio e a hist\u00f3ria que interpretava surgiu, segundo ele, da intensidade do processo. \u201cTalvez tenha sido alguma presen\u00e7a da Angela ali\u201d, repete, ao narrar o momento ocorrido no set.<\/p>\n","protected":false},"excerpt":{"rendered":"Durante as grava\u00e7\u00f5es de \u00c2ngela Diniz: Assassinada e Condenada, produ\u00e7\u00e3o da HBO lan\u00e7ada na quinta-feira (13), Emilio Dantas&hellip;\n","protected":false},"author":2,"featured_media":153518,"comment_status":"","ping_status":"","sticky":false,"template":"","format":"standard","meta":{"footnotes":""},"categories":[145],"tags":[211,210,8311,114,115,32,33],"class_list":{"0":"post-153517","1":"post","2":"type-post","3":"status-publish","4":"format-standard","5":"has-post-thumbnail","7":"category-celebridades","8":"tag-celebridades","9":"tag-celebrities","10":"tag-emilio-dantas","11":"tag-entertainment","12":"tag-entretenimento","13":"tag-portugal","14":"tag-pt"},"share_on_mastodon":{"url":"https:\/\/pubeurope.com\/@pt\/115558169057516428","error":""},"_links":{"self":[{"href":"https:\/\/www.europesays.com\/pt\/wp-json\/wp\/v2\/posts\/153517","targetHints":{"allow":["GET"]}}],"collection":[{"href":"https:\/\/www.europesays.com\/pt\/wp-json\/wp\/v2\/posts"}],"about":[{"href":"https:\/\/www.europesays.com\/pt\/wp-json\/wp\/v2\/types\/post"}],"author":[{"embeddable":true,"href":"https:\/\/www.europesays.com\/pt\/wp-json\/wp\/v2\/users\/2"}],"replies":[{"embeddable":true,"href":"https:\/\/www.europesays.com\/pt\/wp-json\/wp\/v2\/comments?post=153517"}],"version-history":[{"count":0,"href":"https:\/\/www.europesays.com\/pt\/wp-json\/wp\/v2\/posts\/153517\/revisions"}],"wp:featuredmedia":[{"embeddable":true,"href":"https:\/\/www.europesays.com\/pt\/wp-json\/wp\/v2\/media\/153518"}],"wp:attachment":[{"href":"https:\/\/www.europesays.com\/pt\/wp-json\/wp\/v2\/media?parent=153517"}],"wp:term":[{"taxonomy":"category","embeddable":true,"href":"https:\/\/www.europesays.com\/pt\/wp-json\/wp\/v2\/categories?post=153517"},{"taxonomy":"post_tag","embeddable":true,"href":"https:\/\/www.europesays.com\/pt\/wp-json\/wp\/v2\/tags?post=153517"}],"curies":[{"name":"wp","href":"https:\/\/api.w.org\/{rel}","templated":true}]}}