{"id":153519,"date":"2025-11-16T07:25:22","date_gmt":"2025-11-16T07:25:22","guid":{"rendered":"https:\/\/www.europesays.com\/pt\/153519\/"},"modified":"2025-11-16T07:25:22","modified_gmt":"2025-11-16T07:25:22","slug":"vaticano-estreia-documentario-sobre-as-origens-do-papa-leao-xiv-no-youtube","status":"publish","type":"post","link":"https:\/\/www.europesays.com\/pt\/153519\/","title":{"rendered":"Vaticano estreia document\u00e1rio sobre as origens do Papa Le\u00e3o XIV no Youtube"},"content":{"rendered":"<p><strong>O Vaticano estreou na plataforma digital YouTube o document\u00e1rio &#8220;Leo from Chicago&#8221;, obra que percorre a hist\u00f3ria, as ra\u00edzes familiares e a voca\u00e7\u00e3o agostiniana do Papa, com a participa\u00e7\u00e3o dos irm\u00e3os, Louis e John.<\/strong><\/p>\n<p>O segundo document\u00e1rio sobre Le\u00e3o XIV, que se segue a <strong>&#8220;Le\u00f3n de Peru&#8221;<\/strong>, estreado em junho deste ano, <strong>mergulha nas suas ra\u00edzes, a come\u00e7ar pela inf\u00e2ncia em Dolton, Chicago<\/strong>, onde cresceu com os pais e irm\u00e3os numa pequena casa com um quarto, uma casa de banho, uma cozinha, uma sala de estar e uma sala de jantar, como disse o irm\u00e3o Louis.<\/p>\n<p>O filme, de 52 minutos, reconstitui o <strong>percurso de vida de Robert Francis Prevost nos Estados Unidos<\/strong> atrav\u00e9s das mem\u00f3rias de familiares, companheiros de estudos, professores e amigos de longa data.<\/p>\n<p>Nele se incluem tamb\u00e9m <strong>fotografias in\u00e9ditas do Papa<\/strong> na inf\u00e2ncia e juventude, junto dos pais e dos irm\u00e3os, bem como imagens com amigos de inf\u00e2ncia e juventude, que narram a evolu\u00e7\u00e3o pessoal e espiritual at\u00e9 se tornar o chefe da Igreja Cat\u00f3lica.<\/p>\n<p>Os dois irm\u00e3os lembraram que, desde o nascimento, <strong>&#8220;ele era especial&#8221;.<\/strong> Cresceram num lar cat\u00f3lico: a m\u00e3e assistia \u00e0 missa todas as manh\u00e3s antes de os preparar para a escola, e a <strong>f\u00e9 estava sempre presente em casa<\/strong>, o que o levou a seguir esse caminho.<\/p>\n<blockquote><p> &#8220;Acho que uma das freiras lhe disse algo do g\u00e9nero na escola, um ano: &#8216;Robert Francis, tu poder\u00e1s ser Papa um dia'&#8221;, recordou Louis. <\/p><\/blockquote>\n<p>Tamb\u00e9m s\u00e3o destacados no document\u00e1rio aspetos de Robert Prevost como o <strong>gosto por conduzir, a natureza estudiosa, tranquila e humilde e o grande sentido de humor.<\/strong><\/p>\n<p>A obra audiovisual, dispon\u00edvel em <strong>espanhol, italiano e ingl\u00eas<\/strong>, mostra imagens da casa onde cresceu, bem como dos locais que marcaram a sua vida. Inclui ainda hist\u00f3rias como o <strong>gosto pela gastronomia e a pizza de Chicago<\/strong>, especialmente a de pepperoni.<\/p>\n<p>Ser\u00e1 exibido em v\u00e1rias cidade italianas<\/p>\n<p>Realizado pelos jornalistas Deborah Castellano-Lubov, Salvatore Cernuzio e Felipe Herrera-Espaliat, e editado por Jaime Vizca\u00edno Haro, o filme \u00e9 uma produ\u00e7\u00e3o do <a href=\"https:\/\/www.vatican.va\/content\/romancuria\/pt\/dicasteri\/dicastero-per-la-comunicazione\/profilo.html\" target=\"_blank\" rel=\"noreferrer noopener nofollow\">Departamento Editorial do Dicast\u00e9rio para a Comunica\u00e7\u00e3o<\/a>, em colabora\u00e7\u00e3o com a <a href=\"https:\/\/www.archchicago.org\/\" target=\"_blank\" rel=\"noreferrer noopener nofollow\">Arquidiocese de Chicago<\/a> e o <a href=\"https:\/\/elsembradorministries.com\/esne\/\" target=\"_blank\" rel=\"noreferrer noopener nofollow\">Apostolado da Nova Evangeliza\u00e7\u00e3o El Sembrador (ESNE).<\/a><\/p>\n<p>&#8220;Leo from Chicago&#8221; ser\u00e1 exibido nos pr\u00f3ximos dias em v\u00e1rias cidades italianas: <strong>Vicenza e Cremona<\/strong> (21 de novembro), <strong>Trento<\/strong> (25 de novembro), Verona (01 de dezembro), <strong>G\u00e9nova<\/strong> (05 de dezembro) e <strong>Cagliari<\/strong> (15 de dezembro), informaram os meios de comunica\u00e7\u00e3o do Vaticano.<\/p>\n<p>&#8211; Com Lusa<\/p>\n","protected":false},"excerpt":{"rendered":"O Vaticano estreou na plataforma digital YouTube o document\u00e1rio &#8220;Leo from Chicago&#8221;, obra que percorre a hist\u00f3ria, as&hellip;\n","protected":false},"author":2,"featured_media":153520,"comment_status":"","ping_status":"","sticky":false,"template":"","format":"standard","meta":{"footnotes":""},"categories":[140],"tags":[114,115,147,148,146,32,33],"class_list":{"0":"post-153519","1":"post","2":"type-post","3":"status-publish","4":"format-standard","5":"has-post-thumbnail","7":"category-filmes","8":"tag-entertainment","9":"tag-entretenimento","10":"tag-film","11":"tag-filmes","12":"tag-movies","13":"tag-portugal","14":"tag-pt"},"share_on_mastodon":{"url":"https:\/\/pubeurope.com\/@pt\/115558188510767928","error":""},"_links":{"self":[{"href":"https:\/\/www.europesays.com\/pt\/wp-json\/wp\/v2\/posts\/153519","targetHints":{"allow":["GET"]}}],"collection":[{"href":"https:\/\/www.europesays.com\/pt\/wp-json\/wp\/v2\/posts"}],"about":[{"href":"https:\/\/www.europesays.com\/pt\/wp-json\/wp\/v2\/types\/post"}],"author":[{"embeddable":true,"href":"https:\/\/www.europesays.com\/pt\/wp-json\/wp\/v2\/users\/2"}],"replies":[{"embeddable":true,"href":"https:\/\/www.europesays.com\/pt\/wp-json\/wp\/v2\/comments?post=153519"}],"version-history":[{"count":0,"href":"https:\/\/www.europesays.com\/pt\/wp-json\/wp\/v2\/posts\/153519\/revisions"}],"wp:featuredmedia":[{"embeddable":true,"href":"https:\/\/www.europesays.com\/pt\/wp-json\/wp\/v2\/media\/153520"}],"wp:attachment":[{"href":"https:\/\/www.europesays.com\/pt\/wp-json\/wp\/v2\/media?parent=153519"}],"wp:term":[{"taxonomy":"category","embeddable":true,"href":"https:\/\/www.europesays.com\/pt\/wp-json\/wp\/v2\/categories?post=153519"},{"taxonomy":"post_tag","embeddable":true,"href":"https:\/\/www.europesays.com\/pt\/wp-json\/wp\/v2\/tags?post=153519"}],"curies":[{"name":"wp","href":"https:\/\/api.w.org\/{rel}","templated":true}]}}