{"id":153523,"date":"2025-11-16T07:32:30","date_gmt":"2025-11-16T07:32:30","guid":{"rendered":"https:\/\/www.europesays.com\/pt\/153523\/"},"modified":"2025-11-16T07:32:30","modified_gmt":"2025-11-16T07:32:30","slug":"aviao-da-tap-atingido-por-relampago-obrigado-a-aterrar-observador","status":"publish","type":"post","link":"https:\/\/www.europesays.com\/pt\/153523\/","title":{"rendered":"Avi\u00e3o da TAP atingido por rel\u00e2mpago obrigado a aterrar \u2013 Observador"},"content":{"rendered":"<p>Um avi\u00e3o da TAP foi atingido por um rel\u00e2mpago esta sexta-feira cerca de uma hora ap\u00f3s ter descolado com rumo a Veneza. De acordo com a <a href=\"https:\/\/cnnportugal.iol.pt\/tap\/raio\/aviao-da-tap-atingido-por-um-raio-obrigado-a-regressar-a-lisboa\/20251114\/6917b104d34e2bd5c6d408cf\" rel=\"nofollow noopener\" target=\"_blank\">CNN Portugal<\/a>, um dos motores acabou por perder pot\u00eancia e os pilotos tiveram de lidar com uma \u201cfalha na propuls\u00e3o da aeronave\u201d.<\/p>\n<p>Por este motivo, uma vez que estava a sobrevoar Ponte de S\u00f4r quando foi atingido, o avi\u00e3o teve de regressar a Lisboa, de onde descolou. A aterragem foi feita em seguran\u00e7a no Aeroporto Humberto Delgado, o Airbus A320 ficou em terra para ser analisado, enquanto os passageiros foram transferidos para outro avi\u00e3o que ter\u00e1 chegado ao destino original pelas 21h.<\/p>\n","protected":false},"excerpt":{"rendered":"Um avi\u00e3o da TAP foi atingido por um rel\u00e2mpago esta sexta-feira cerca de uma hora ap\u00f3s ter descolado&hellip;\n","protected":false},"author":2,"featured_media":153524,"comment_status":"","ping_status":"","sticky":false,"template":"","format":"standard","meta":{"footnotes":""},"categories":[10],"tags":[1320,27,28,476,90,1814,15,16,14,25,26,186,21,22,12,13,19,20,32,23,24,33,58,1365,17,18,29,30,31,1080,1813],"class_list":{"0":"post-153523","1":"post","2":"type-post","3":"status-publish","4":"format-standard","5":"has-post-thumbnail","7":"category-portugal","8":"tag-aviau00e7u00e3o","9":"tag-breaking-news","10":"tag-breakingnews","11":"tag-economia","12":"tag-empresas","13":"tag-escapadinhas","14":"tag-featured-news","15":"tag-featurednews","16":"tag-headlines","17":"tag-latest-news","18":"tag-latestnews","19":"tag-lifestyle","20":"tag-main-news","21":"tag-mainnews","22":"tag-news","23":"tag-noticias","24":"tag-noticias-principais","25":"tag-noticiasprincipais","26":"tag-portugal","27":"tag-principais-noticias","28":"tag-principaisnoticias","29":"tag-pt","30":"tag-sociedade","31":"tag-tap","32":"tag-top-stories","33":"tag-topstories","34":"tag-ultimas","35":"tag-ultimas-noticias","36":"tag-ultimasnoticias","37":"tag-viagens","38":"tag-voos"},"share_on_mastodon":{"url":"https:\/\/pubeurope.com\/@pt\/115558216018284889","error":""},"_links":{"self":[{"href":"https:\/\/www.europesays.com\/pt\/wp-json\/wp\/v2\/posts\/153523","targetHints":{"allow":["GET"]}}],"collection":[{"href":"https:\/\/www.europesays.com\/pt\/wp-json\/wp\/v2\/posts"}],"about":[{"href":"https:\/\/www.europesays.com\/pt\/wp-json\/wp\/v2\/types\/post"}],"author":[{"embeddable":true,"href":"https:\/\/www.europesays.com\/pt\/wp-json\/wp\/v2\/users\/2"}],"replies":[{"embeddable":true,"href":"https:\/\/www.europesays.com\/pt\/wp-json\/wp\/v2\/comments?post=153523"}],"version-history":[{"count":0,"href":"https:\/\/www.europesays.com\/pt\/wp-json\/wp\/v2\/posts\/153523\/revisions"}],"wp:featuredmedia":[{"embeddable":true,"href":"https:\/\/www.europesays.com\/pt\/wp-json\/wp\/v2\/media\/153524"}],"wp:attachment":[{"href":"https:\/\/www.europesays.com\/pt\/wp-json\/wp\/v2\/media?parent=153523"}],"wp:term":[{"taxonomy":"category","embeddable":true,"href":"https:\/\/www.europesays.com\/pt\/wp-json\/wp\/v2\/categories?post=153523"},{"taxonomy":"post_tag","embeddable":true,"href":"https:\/\/www.europesays.com\/pt\/wp-json\/wp\/v2\/tags?post=153523"}],"curies":[{"name":"wp","href":"https:\/\/api.w.org\/{rel}","templated":true}]}}