{"id":15353,"date":"2025-08-04T10:45:06","date_gmt":"2025-08-04T10:45:06","guid":{"rendered":"https:\/\/www.europesays.com\/pt\/15353\/"},"modified":"2025-08-04T10:45:06","modified_gmt":"2025-08-04T10:45:06","slug":"filho-de-kina-aparece-em-televisao-e-tem-uma-opiniao-polemica-sobre-a-mae-big-brother","status":"publish","type":"post","link":"https:\/\/www.europesays.com\/pt\/15353\/","title":{"rendered":"Filho de Kina aparece em televis\u00e3o e tem uma opini\u00e3o pol\u00e9mica sobre a m\u00e3e &#8211; Big Brother"},"content":{"rendered":"<p data-end=\"730\" data-start=\"456\">Micael, filho de Kina, foi ao Dois \u00e0s 10 falar sobre a m\u00e3e, uma das concorrentes mais marcantes da atual edi\u00e7\u00e3o do Big Brother Ver\u00e3o. \u00c0 conversa com Cl\u00e1udio Ramos, o jovem descreveu a participante n\u00e3o s\u00f3 como uma mulher de for\u00e7a, mas tamb\u00e9m como algu\u00e9m profundamente sens\u00edvel e genu\u00edna.<\/p>\n<p data-end=\"1054\" data-start=\"732\">Recordando os primeiros dias de Kina dentro da casa, Micael acredita que foi a\u00ed que <a href=\"https:\/\/tvi.iol.pt\/bigbrother\/ana-duarte\/jessica-vieira\/afonso-leitao-ja-nao-e-o-concorrente-mais-odiado-novo-ranking-de-popularidade-traz-novidades-surpreendentes\" rel=\"nofollow noopener\" target=\"_blank\">os portugueses conheceram o seu lado mais aut\u00eantico<\/a>:<strong> \u201cNa primeira semana, toda a gente se encantou com ela\u201d<\/strong>, afirmou. No entanto, reconhece que o ambiente do programa acabou por gerar tens\u00e3o e atritos: <strong>\u201cDepois vieram as discuss\u00f5es todas.\u201d<\/strong><\/p>\n<p data-end=\"1453\" data-start=\"1056\">Ainda assim, <a href=\"https:\/\/tvi.iol.pt\/bigbrother\/kina\/bolo\/apetece-lhe-um-bolo-humido-fofinho-e-que-ainda-por-cima-e-light-siga-a-receita-da-kina\" rel=\"nofollow noopener\" target=\"_blank\">defende que a postura da m\u00e3e tem sido coerente desde o in\u00edcio<\/a> <strong>\u201cEla est\u00e1 a tratar toda a gente como me tratou a mim, s\u00e3o filhos dela.\u201d<\/strong>\u00a0Para Micael, essa entrega n\u00e3o \u00e9 uma estrat\u00e9gia, mas sim parte do instinto protetor que sempre fez parte da personalidade de Kina.\u00a0<\/p>\n<p data-end=\"1695\" data-start=\"1455\">O jovem n\u00e3o ignora que, sob stress, a m\u00e3e pode reagir de forma mais defensiva\u00a0<strong>\u201cQuando se sente em perigo ou ansiosa, transforma-se um pouco\u201d<\/strong>, confessou. Mas, por detr\u00e1s da firmeza, sublinha, h\u00e1 uma mulher de grande sensibilidade emocional.<\/p>\n<p data-end=\"1831\" data-start=\"1697\">No final da conversa, Cl\u00e1udio Ramos n\u00e3o deixou de <a href=\"https:\/\/tvi.iol.pt\/bigbrother\/kina\/17-07-2025\/sabia-kina-ja-foi-dona-de-uma-pastelaria-fora-de-portugal-estas-imagens-sao-a-prova-disso\" rel=\"nofollow noopener\" target=\"_blank\">expressar o seu carinho por Kina<\/a>\u00a0<strong>\u201cEu gosto muito dela\u201d,<\/strong> disse, visivelmente tocado.<\/p>\n","protected":false},"excerpt":{"rendered":"Micael, filho de Kina, foi ao Dois \u00e0s 10 falar sobre a m\u00e3e, uma das concorrentes mais marcantes&hellip;\n","protected":false},"author":2,"featured_media":15354,"comment_status":"","ping_status":"","sticky":false,"template":"","format":"standard","meta":{"footnotes":""},"categories":[85],"tags":[331,48,329,333,328,335,336,114,115,334,332,330,672,6090,13,32,33,162,227],"class_list":{"0":"post-15353","1":"post","2":"type-post","3":"status-publish","4":"format-standard","5":"has-post-thumbnail","7":"category-entretenimento","8":"tag-big","9":"tag-big-brother","10":"tag-claudio-ramos","11":"tag-comentadores","12":"tag-concorrentes","13":"tag-confrontos","14":"tag-discussoes","15":"tag-entertainment","16":"tag-entretenimento","17":"tag-exclusivos","18":"tag-expulso","19":"tag-gala","20":"tag-kina","21":"tag-micaela","22":"tag-noticias","23":"tag-portugal","24":"tag-pt","25":"tag-tvi","26":"tag-videos"},"share_on_mastodon":{"url":"","error":""},"_links":{"self":[{"href":"https:\/\/www.europesays.com\/pt\/wp-json\/wp\/v2\/posts\/15353","targetHints":{"allow":["GET"]}}],"collection":[{"href":"https:\/\/www.europesays.com\/pt\/wp-json\/wp\/v2\/posts"}],"about":[{"href":"https:\/\/www.europesays.com\/pt\/wp-json\/wp\/v2\/types\/post"}],"author":[{"embeddable":true,"href":"https:\/\/www.europesays.com\/pt\/wp-json\/wp\/v2\/users\/2"}],"replies":[{"embeddable":true,"href":"https:\/\/www.europesays.com\/pt\/wp-json\/wp\/v2\/comments?post=15353"}],"version-history":[{"count":0,"href":"https:\/\/www.europesays.com\/pt\/wp-json\/wp\/v2\/posts\/15353\/revisions"}],"wp:featuredmedia":[{"embeddable":true,"href":"https:\/\/www.europesays.com\/pt\/wp-json\/wp\/v2\/media\/15354"}],"wp:attachment":[{"href":"https:\/\/www.europesays.com\/pt\/wp-json\/wp\/v2\/media?parent=15353"}],"wp:term":[{"taxonomy":"category","embeddable":true,"href":"https:\/\/www.europesays.com\/pt\/wp-json\/wp\/v2\/categories?post=15353"},{"taxonomy":"post_tag","embeddable":true,"href":"https:\/\/www.europesays.com\/pt\/wp-json\/wp\/v2\/tags?post=15353"}],"curies":[{"name":"wp","href":"https:\/\/api.w.org\/{rel}","templated":true}]}}