{"id":153531,"date":"2025-11-16T08:03:09","date_gmt":"2025-11-16T08:03:09","guid":{"rendered":"https:\/\/www.europesays.com\/pt\/153531\/"},"modified":"2025-11-16T08:03:09","modified_gmt":"2025-11-16T08:03:09","slug":"cristina-ferreira-em-julho-enviei-lhe-mensagem-morreu-dias-depois-foi-o-primeiro-a-saber-deste-casamento","status":"publish","type":"post","link":"https:\/\/www.europesays.com\/pt\/153531\/","title":{"rendered":"Cristina Ferreira: &#8220;Em julho, enviei-lhe mensagem. Morreu dias depois. Foi o primeiro a saber deste &#8216;casamento'&#8221;"},"content":{"rendered":"<p>Vestidos de noivos. \u00c9 desta forma que\u00a0<a href=\"https:\/\/selfie.iol.pt\/famosos\/cristina-ferreira\/cristina-ferreira-faz-anuncio-comeca-hoje-uma-nova-historia-de-amor\/20251114\/691766dfd34e3caad84b4db3\" target=\"_blank\" wbo-id=\"59\" rel=\"nofollow noopener\">Cristina Ferreira<\/a>\u00a0e Jo\u00e3o Monteiro surgem no v\u00eddeo promocional dos perfumes We &#8211; uma fragr\u00e2ncia para homem e outra para mulher -, que a apresentadora lan\u00e7ou, na passada sexta-feira, dia 14, num evento.<\/p>\n<p>Um dia depois, e recorrendo ao Instagram, Cristina Ferreira decidiu prestar homenagem a um colaborador e amigo, <a href=\"https:\/\/selfie.iol.pt\/famosos\/cristina-ferreira\/cristina-ferreira-estava-no-programa-quando-recebi-a-mensagem-mais-inesperada-o-pedro-morreu\/20250721\/687e9d7fd34ef72ee448937e\" target=\"_blank\" rel=\"nofollow noopener\">Pedro Leit\u00e3o<\/a>, que foi essencial para a constru\u00e7\u00e3o da marca Gira.<\/p>\n<p>&#8220;Ontem, quando tirava a fotografia com a equipa, senti a presen\u00e7a dele. O Pedro Leit\u00e3o era o \u00fanico homem da Gira, era o designer que criou toda a imagem da marca&#8221;, come\u00e7ou por referir a comunicadora.<\/p>\n<p>Entretanto, Cristina Ferreira recuou uns para deixar uma revela\u00e7\u00e3o: &#8220;Em julho, enviei-lhe mensagem, a um domingo, s\u00f3 para partilhar uma ideia. Fic\u00e1mos a sonhar. Morreu dias depois. Foi o primeiro a saber deste &#8216;casamento&#8217;. E ontem estava l\u00e1. Estar\u00e1 sempre.&#8221;<\/p>\n<p>Veja, agora, algumas das melhores imagens do &#8220;casamento&#8221; de Cristina Ferreira e Jo\u00e3o Monteiro na galeria de fotografias que prepar\u00e1mos para si.<\/p>\n<p><img decoding=\"async\" alt=\"\" onclick=\"\" src=\"https:\/\/www.europesays.com\/pt\/wp-content\/uploads\/2025\/11\/1763280189_17_1024.jpeg\" title=\"Cristina Ferreira\"\/><\/p>\n","protected":false},"excerpt":{"rendered":"Vestidos de noivos. \u00c9 desta forma que\u00a0Cristina Ferreira\u00a0e Jo\u00e3o Monteiro surgem no v\u00eddeo promocional dos perfumes We &#8211;&hellip;\n","protected":false},"author":2,"featured_media":153532,"comment_status":"","ping_status":"","sticky":false,"template":"","format":"standard","meta":{"footnotes":""},"categories":[145],"tags":[3539,1435,211,210,166,114,115,980,1015,6470,619,32,33,1016,1012,162],"class_list":{"0":"post-153531","1":"post","2":"type-post","3":"status-publish","4":"format-standard","5":"has-post-thumbnail","7":"category-celebridades","8":"tag-apresentadora","9":"tag-casamento","10":"tag-celebridades","11":"tag-celebrities","12":"tag-cristina-ferreira","13":"tag-entertainment","14":"tag-entretenimento","15":"tag-famosos","16":"tag-instagram","17":"tag-joao-monteiro","18":"tag-nacional","19":"tag-portugal","20":"tag-pt","21":"tag-romance","22":"tag-selfie","23":"tag-tvi"},"share_on_mastodon":{"url":"https:\/\/pubeurope.com\/@pt\/115558338178090611","error":""},"_links":{"self":[{"href":"https:\/\/www.europesays.com\/pt\/wp-json\/wp\/v2\/posts\/153531","targetHints":{"allow":["GET"]}}],"collection":[{"href":"https:\/\/www.europesays.com\/pt\/wp-json\/wp\/v2\/posts"}],"about":[{"href":"https:\/\/www.europesays.com\/pt\/wp-json\/wp\/v2\/types\/post"}],"author":[{"embeddable":true,"href":"https:\/\/www.europesays.com\/pt\/wp-json\/wp\/v2\/users\/2"}],"replies":[{"embeddable":true,"href":"https:\/\/www.europesays.com\/pt\/wp-json\/wp\/v2\/comments?post=153531"}],"version-history":[{"count":0,"href":"https:\/\/www.europesays.com\/pt\/wp-json\/wp\/v2\/posts\/153531\/revisions"}],"wp:featuredmedia":[{"embeddable":true,"href":"https:\/\/www.europesays.com\/pt\/wp-json\/wp\/v2\/media\/153532"}],"wp:attachment":[{"href":"https:\/\/www.europesays.com\/pt\/wp-json\/wp\/v2\/media?parent=153531"}],"wp:term":[{"taxonomy":"category","embeddable":true,"href":"https:\/\/www.europesays.com\/pt\/wp-json\/wp\/v2\/categories?post=153531"},{"taxonomy":"post_tag","embeddable":true,"href":"https:\/\/www.europesays.com\/pt\/wp-json\/wp\/v2\/tags?post=153531"}],"curies":[{"name":"wp","href":"https:\/\/api.w.org\/{rel}","templated":true}]}}