{"id":153533,"date":"2025-11-16T08:11:22","date_gmt":"2025-11-16T08:11:22","guid":{"rendered":"https:\/\/www.europesays.com\/pt\/153533\/"},"modified":"2025-11-16T08:11:22","modified_gmt":"2025-11-16T08:11:22","slug":"paineis-de-sao-vicente-ganham-nova-vida-no-silencio-de-um-museu-vazio","status":"publish","type":"post","link":"https:\/\/www.europesays.com\/pt\/153533\/","title":{"rendered":"Pain\u00e9is de S\u00e3o Vicente ganham nova vida no sil\u00eancio de um museu vazio"},"content":{"rendered":"<p>Num piso vazio e silencioso do Museu Nacional de Arte Antiga, as luzes e a movimenta\u00e7\u00e3o por detr\u00e1s do vidro, ao fundo, chamam a aten\u00e7\u00e3o. <strong>Debru\u00e7adas sobre um enorme painel, as duas conservadoras-restauradoras trabalham. Encostadas \u00e0 parede est\u00e3o as das seis pinturas atribu\u00eddas a Nuno Gon\u00e7alves e que formam os Pain\u00e9is de S\u00e3o Vicente<\/strong>, uma das obras mais ic\u00f3nicas da cole\u00e7\u00e3o do Museu Nacional de Arte Antiga, que se encontra fechado para obras ligadas ao Plano de Recupera\u00e7\u00e3o e Resili\u00eancia (PRR) desde 29 de setembro.<\/p>\n<p>\u201cEstou a retificar estas massas, que s\u00e3o massas de preenchimento que foram colocadas em zonas de lacuna, portanto, onde n\u00e3o existe camada pict\u00f3rica e pinturas, onde h\u00e1 falta de material\u201d, explica Gl\u00f3ria Nascimento.  Apontando para o painel, a conservadora-restauradora explica que <strong>numa interven\u00e7\u00e3o passada, colocaram uma massa e \u201chouve a necessidade de nivelar. \u00c9 o que estou a fazer agora.<\/strong> Em simult\u00e2neo com outros trabalhos, como, por exemplo, a aplica\u00e7\u00e3o de novas massas e de bases de cor\u201d. \u201cComo v\u00ea, aqui \u00e9 uma cor amarela\u201d, diz Gl\u00f3ria Nascimento enquanto aponta para a pintura em cima da mesa.<\/p>\n","protected":false},"excerpt":{"rendered":"Num piso vazio e silencioso do Museu Nacional de Arte Antiga, as luzes e a movimenta\u00e7\u00e3o por detr\u00e1s&hellip;\n","protected":false},"author":2,"featured_media":153534,"comment_status":"","ping_status":"","sticky":false,"template":"","format":"standard","meta":{"footnotes":""},"categories":[85],"tags":[315,306,114,115,33096,33097,32,33,5619],"class_list":{"0":"post-153533","1":"post","2":"type-post","3":"status-publish","4":"format-standard","5":"has-post-thumbnail","7":"category-entretenimento","8":"tag-cultura","9":"tag-edicao-impressa","10":"tag-entertainment","11":"tag-entretenimento","12":"tag-museu-nacional-de-arte-antiga","13":"tag-paineis-de-sao-vicente","14":"tag-portugal","15":"tag-pt","16":"tag-restauro"},"share_on_mastodon":{"url":"https:\/\/pubeurope.com\/@pt\/115558369441672739","error":""},"_links":{"self":[{"href":"https:\/\/www.europesays.com\/pt\/wp-json\/wp\/v2\/posts\/153533","targetHints":{"allow":["GET"]}}],"collection":[{"href":"https:\/\/www.europesays.com\/pt\/wp-json\/wp\/v2\/posts"}],"about":[{"href":"https:\/\/www.europesays.com\/pt\/wp-json\/wp\/v2\/types\/post"}],"author":[{"embeddable":true,"href":"https:\/\/www.europesays.com\/pt\/wp-json\/wp\/v2\/users\/2"}],"replies":[{"embeddable":true,"href":"https:\/\/www.europesays.com\/pt\/wp-json\/wp\/v2\/comments?post=153533"}],"version-history":[{"count":0,"href":"https:\/\/www.europesays.com\/pt\/wp-json\/wp\/v2\/posts\/153533\/revisions"}],"wp:featuredmedia":[{"embeddable":true,"href":"https:\/\/www.europesays.com\/pt\/wp-json\/wp\/v2\/media\/153534"}],"wp:attachment":[{"href":"https:\/\/www.europesays.com\/pt\/wp-json\/wp\/v2\/media?parent=153533"}],"wp:term":[{"taxonomy":"category","embeddable":true,"href":"https:\/\/www.europesays.com\/pt\/wp-json\/wp\/v2\/categories?post=153533"},{"taxonomy":"post_tag","embeddable":true,"href":"https:\/\/www.europesays.com\/pt\/wp-json\/wp\/v2\/tags?post=153533"}],"curies":[{"name":"wp","href":"https:\/\/api.w.org\/{rel}","templated":true}]}}