{"id":153535,"date":"2025-11-16T08:17:41","date_gmt":"2025-11-16T08:17:41","guid":{"rendered":"https:\/\/www.europesays.com\/pt\/153535\/"},"modified":"2025-11-16T08:17:41","modified_gmt":"2025-11-16T08:17:41","slug":"andre-marques-e-luciano-huck-colocam-a-mao-na-massa-em-jantar-para-amigos-promovido-por-angelica-veja-fotos","status":"publish","type":"post","link":"https:\/\/www.europesays.com\/pt\/153535\/","title":{"rendered":"Andr\u00e9 Marques e Luciano Huck colocam a m\u00e3o na massa em jantar para amigos promovido por Ang\u00e9lica. Veja fotos"},"content":{"rendered":"\n<p class=\" content-text__container \" data-track-category=\"Link no Texto\" data-track-links=\"\"> &#8220;Celebrando nosso &#8216;<a class=\"\" href=\"https:\/\/oglobo.globo.com\/tudo-sobre\/personalidade\/angelica\/\" rel=\"nofollow noopener\" target=\"_blank\">Ang\u00e9lica<\/a> ao vivo&#8217; com essa equipe talentosa e cheia de astral&#8221;, escreveu a apresentadora na publica\u00e7\u00e3o. <\/p>\n<p class=\" content-text__container \" data-track-category=\"Link no Texto\" data-track-links=\"\"> Andr\u00e9, que retornou \u00e0 TV no programa de <a class=\"\" href=\"https:\/\/oglobo.globo.com\/tudo-sobre\/personalidade\/angelica\/\" rel=\"nofollow noopener\" target=\"_blank\">Ang\u00e9lica<\/a>, preparou um arroz caldoso do mar, enquanto Huck ficou respons\u00e1vel pela carne. <\/p>\n<p class=\" content-text__container \" data-track-category=\"Link no Texto\" data-track-links=\"\"> &#8220;Estamos t\u00e3o apegados no &#8216;<a class=\"\" href=\"https:\/\/oglobo.globo.com\/tudo-sobre\/personalidade\/angelica\/\" rel=\"nofollow noopener\" target=\"_blank\">Ang\u00e9lica<\/a> ao vivo&#8217; que s\u00f3 quinta \u00e0 noite n\u00e3o d\u00e1. Fiz um arroz do mar para nossa amada equipe a convite da irm\u00e3 <a class=\"\" href=\"https:\/\/oglobo.globo.com\/tudo-sobre\/personalidade\/angelica\/\" rel=\"nofollow noopener\" target=\"_blank\">Ang\u00e9lica<\/a>. Mas claro, levei uma carninha tamb\u00e9m, e arrumei um &#8216;sous-chef&#8217; brabo para me ajudar, n\u00e9 <a class=\"\" href=\"https:\/\/oglobo.globo.com\/tudo-sobre\/personalidade\/luciano-huck\" rel=\"nofollow noopener\" target=\"_blank\">Luciano Huck<\/a>?&#8221;, disse Andr\u00e9 no post que fez no Instagram. <\/p>\n<p class=\" content-text__container \" data-track-category=\"Link no Texto\" data-track-links=\"\"> Veja abaixo as fotos do evento: <\/p>\n","protected":false},"excerpt":{"rendered":"&#8220;Celebrando nosso &#8216;Ang\u00e9lica ao vivo&#8217; com essa equipe talentosa e cheia de astral&#8221;, escreveu a apresentadora na publica\u00e7\u00e3o.&hellip;\n","protected":false},"author":2,"featured_media":153536,"comment_status":"","ping_status":"","sticky":false,"template":"","format":"standard","meta":{"footnotes":""},"categories":[145],"tags":[20268,13885,8312,3539,211,210,114,115,2815,32,33,679],"class_list":{"0":"post-153535","1":"post","2":"type-post","3":"status-publish","4":"format-standard","5":"has-post-thumbnail","7":"category-celebridades","8":"tag-aline-wirley","9":"tag-angelica","10":"tag-apresentador-de-tv","11":"tag-apresentadora","12":"tag-celebridades","13":"tag-celebrities","14":"tag-entertainment","15":"tag-entretenimento","16":"tag-luciano-huck","17":"tag-portugal","18":"tag-pt","19":"tag-reportagem"},"share_on_mastodon":{"url":"https:\/\/pubeurope.com\/@pt\/115558392966227637","error":""},"_links":{"self":[{"href":"https:\/\/www.europesays.com\/pt\/wp-json\/wp\/v2\/posts\/153535","targetHints":{"allow":["GET"]}}],"collection":[{"href":"https:\/\/www.europesays.com\/pt\/wp-json\/wp\/v2\/posts"}],"about":[{"href":"https:\/\/www.europesays.com\/pt\/wp-json\/wp\/v2\/types\/post"}],"author":[{"embeddable":true,"href":"https:\/\/www.europesays.com\/pt\/wp-json\/wp\/v2\/users\/2"}],"replies":[{"embeddable":true,"href":"https:\/\/www.europesays.com\/pt\/wp-json\/wp\/v2\/comments?post=153535"}],"version-history":[{"count":0,"href":"https:\/\/www.europesays.com\/pt\/wp-json\/wp\/v2\/posts\/153535\/revisions"}],"wp:featuredmedia":[{"embeddable":true,"href":"https:\/\/www.europesays.com\/pt\/wp-json\/wp\/v2\/media\/153536"}],"wp:attachment":[{"href":"https:\/\/www.europesays.com\/pt\/wp-json\/wp\/v2\/media?parent=153535"}],"wp:term":[{"taxonomy":"category","embeddable":true,"href":"https:\/\/www.europesays.com\/pt\/wp-json\/wp\/v2\/categories?post=153535"},{"taxonomy":"post_tag","embeddable":true,"href":"https:\/\/www.europesays.com\/pt\/wp-json\/wp\/v2\/tags?post=153535"}],"curies":[{"name":"wp","href":"https:\/\/api.w.org\/{rel}","templated":true}]}}