{"id":153541,"date":"2025-11-16T08:37:09","date_gmt":"2025-11-16T08:37:09","guid":{"rendered":"https:\/\/www.europesays.com\/pt\/153541\/"},"modified":"2025-11-16T08:37:09","modified_gmt":"2025-11-16T08:37:09","slug":"video-golo-de-rollheiser-decide-aos-901m-e-palmeiras-de-abel-perde-lideranca","status":"publish","type":"post","link":"https:\/\/www.europesays.com\/pt\/153541\/","title":{"rendered":"V\u00cdDEO: golo de Rollheiser decide aos 90+1m e Palmeiras de Abel perde lideran\u00e7a"},"content":{"rendered":"<p>Um golo do antigo jogador do Benfica, Benjam\u00edn Rollheiser, no primeiro de cinco minutos de compensa\u00e7\u00e3o, deu a vit\u00f3ria ao Santos e derrotou o Palmeiras, treinado pelo portugu\u00eas Abel Ferreira, em jogo de acerto de calend\u00e1rio, a contar para a 13.\u00aa jornada do Brasileir\u00e3o.<\/p>\n<p>Num jogo de alta press\u00e3o para as duas equipas, por objetivos distintos, o Palmeiras (muito desfalcado de principais op\u00e7\u00f5es) acabou por perder a lideran\u00e7a para o Flamengo \u2013 <a href=\"https:\/\/maisfutebol.iol.pt\/internacional\/flamengo\/flamengo-goleia-em-11-contra-nove-e-pressiona-palmeiras-de-abel\" target=\"_blank\" rel=\"nofollow noopener\"><strong>que pouco antes goleou o Sport<\/strong><\/a> \u2013 e o Santos saiu da zona de despromo\u00e7\u00e3o. Rollheiser decidiu tudo, depois de ter entrado em campo aos 88 minutos, para a reta final do duelo no Vila Belmiro.<\/p>\n<p>Apesar do regresso-rel\u00e2mpago de Flaco L\u00f3pez, depois de ter estado com a sele\u00e7\u00e3o da Argentina no jogo particular com Angola, o Palmeiras teve muitas aus\u00eancias. Gustavo G\u00f3mez, Ram\u00f3n Sosa (Paraguai), Piquerez, Emiliano Mart\u00ednez, Facundo Torres (Uruguai) e Vitor Roque (Brasil) foram baixas, devido aos compromissos nas respetivas sele\u00e7\u00f5es. Andreas Pereira e Allan cumpriram castigo e, por les\u00e3o, seguiram de fora Weverton, Lucas Evangelista e Paulinho.<\/p>\n<p>Na primeira parte, o Palmeiras teve dificuldades em jogar e foi o Santos que teve mais bola, remates e ocasi\u00f5es. Valeu, ao \u00abVerd\u00e3o\u00bb, sobretudo, o guarda-redes Carlos Miguel.<\/p>\n<p>Ao minuto 20, o guardi\u00e3o dos visitantes fez uma grande defesa com o p\u00e9 esquerdo, a remate de Barreal. O Santos criou depois mais perigo em lances seguidos perto do intervalo, mas o remate de Neymar foi contra o corpo de Jeft\u00e9 (44m) e, logo a seguir, ap\u00f3s canto, Khellven cortou a bola em cima da linha, ap\u00f3s desvio de Z\u00e9 Rafael ao canto de Neymar (45+1m).<\/p>\n<p>Para a segunda parte, o Palmeiras mostrou-se melhor desde in\u00edcio e muito gra\u00e7as \u00e0s duas substitui\u00e7\u00f5es feitas por Abel, que lan\u00e7ou Flaco L\u00f3pez e Luighi na frente, tirando Felipe Anderson e Bruno Rodrigues, mexendo ainda em v\u00e1rias pe\u00e7as nos restantes homens que continuaram em campo.<\/p>\n<p>Logo ao minuto 48, Luighi, ap\u00f3s arrancada de Raphael Veiga pelo meio, rematou para defesa apertada de Gabriel Braz\u00e3o. O Santos conseguiu depois equilibrar, teve um par de chegadas prometedoras, mas foi o Palmeiras de novo a ficar perto do golo, num remate pouco ao lado de Flaco L\u00f3pez (64m). Pouco depois, o avan\u00e7ado voltou a cheirar o golo, mas Gabriel Braz\u00e3o negou-o (71m).<\/p>\n<p>E foi j\u00e1 em tempo de compensa\u00e7\u00e3o que aconteceu o lance decisivo, de homens sa\u00eddos do banco. Rollheiser, que deixou, ao minuto 89, um aviso para defesa de Carlos Miguel um minuto depois de ter entrado, rematou para golo na \u00e1rea, servido por Robson J\u00fanior.<\/p>\n<p>Na classifica\u00e7\u00e3o, o Palmeiras soma 68 pontos e est\u00e1 a tr\u00eas do novo l\u00edder, o Flamengo, que tem 71 e s\u00f3 depende de si para ser campe\u00e3o a cinco jornadas do fim, ao contr\u00e1rio, agora, do Palmeiras. O Santos sai da zona de descida e \u00e9 16.\u00ba, com 36 pontos, um a mais do que o Vit\u00f3ria, que caiu para o Z-4 e \u00e9 17.\u00ba, com 35. O calend\u00e1rio est\u00e1 acertado e todas as equipas t\u00eam 33 jogos disputados.<\/p>\n","protected":false},"excerpt":{"rendered":"Um golo do antigo jogador do Benfica, Benjam\u00edn Rollheiser, no primeiro de cinco minutos de compensa\u00e7\u00e3o, deu a&hellip;\n","protected":false},"author":2,"featured_media":153542,"comment_status":"","ping_status":"","sticky":false,"template":"","format":"standard","meta":{"footnotes":""},"categories":[87],"tags":[7153,3506,33099,1620,135,2460,33100,82,46,1621,32,33,47,5434,33098,7982,134],"class_list":{"0":"post-153541","1":"post","2":"type-post","3":"status-publish","4":"format-standard","5":"has-post-thumbnail","7":"category-desporto","8":"tag-abel","9":"tag-abel-ferreira","10":"tag-benjamin-rollheiser","11":"tag-brasileirao","12":"tag-desporto","13":"tag-flamengo","14":"tag-golo-rollheiser","15":"tag-internacional","16":"tag-maisfutebol","17":"tag-palmeiras","18":"tag-portugal","19":"tag-pt","20":"tag-pura-paixao","21":"tag-resultados-hoje","22":"tag-rollheiser","23":"tag-santos","24":"tag-sports"},"share_on_mastodon":{"url":"https:\/\/pubeurope.com\/@pt\/115558471582873858","error":""},"_links":{"self":[{"href":"https:\/\/www.europesays.com\/pt\/wp-json\/wp\/v2\/posts\/153541","targetHints":{"allow":["GET"]}}],"collection":[{"href":"https:\/\/www.europesays.com\/pt\/wp-json\/wp\/v2\/posts"}],"about":[{"href":"https:\/\/www.europesays.com\/pt\/wp-json\/wp\/v2\/types\/post"}],"author":[{"embeddable":true,"href":"https:\/\/www.europesays.com\/pt\/wp-json\/wp\/v2\/users\/2"}],"replies":[{"embeddable":true,"href":"https:\/\/www.europesays.com\/pt\/wp-json\/wp\/v2\/comments?post=153541"}],"version-history":[{"count":0,"href":"https:\/\/www.europesays.com\/pt\/wp-json\/wp\/v2\/posts\/153541\/revisions"}],"wp:featuredmedia":[{"embeddable":true,"href":"https:\/\/www.europesays.com\/pt\/wp-json\/wp\/v2\/media\/153542"}],"wp:attachment":[{"href":"https:\/\/www.europesays.com\/pt\/wp-json\/wp\/v2\/media?parent=153541"}],"wp:term":[{"taxonomy":"category","embeddable":true,"href":"https:\/\/www.europesays.com\/pt\/wp-json\/wp\/v2\/categories?post=153541"},{"taxonomy":"post_tag","embeddable":true,"href":"https:\/\/www.europesays.com\/pt\/wp-json\/wp\/v2\/tags?post=153541"}],"curies":[{"name":"wp","href":"https:\/\/api.w.org\/{rel}","templated":true}]}}