{"id":153561,"date":"2025-11-16T09:09:15","date_gmt":"2025-11-16T09:09:15","guid":{"rendered":"https:\/\/www.europesays.com\/pt\/153561\/"},"modified":"2025-11-16T09:09:15","modified_gmt":"2025-11-16T09:09:15","slug":"tecnologia-que-liga-a-realidade-incubada-no-ipca-deu-nas-vistas-na-web-summit","status":"publish","type":"post","link":"https:\/\/www.europesays.com\/pt\/153561\/","title":{"rendered":"Tecnologia que liga \u00e0 realidade incubada no IPCA deu nas vistas na Web Summit"},"content":{"rendered":"<p>        Teemy, apoiada pela Incubadora START@IPCA foi distinguida no \u00e2mbito do Road 2 Web Summit (R2WS), que visa dar palco \u00e0s \u2018startups\u2019\u00a0\u2018early-stage\u2019\u00a0mais promissoras do panorama nacional.    <\/p>\n<p class=\"x_elementToProof\">Teemy, uma aplica\u00e7\u00e3o inovadora baseada em tecnologia que se prop\u00f5e \u201cconectar pessoas a lugares reais\u201d, foi distinguida na Web Summit com o galard\u00e3o de Melhor Performance no Programa R2WS\u201d da Startup Portugal.<\/p>\n<p class=\"x_elementToProof\">A solu\u00e7\u00e3o combina, \u201cde forma \u00fanica\u201d, o turismo, a cultura e a divers\u00e3o gamificada, ao incentivar os utilizadores a explorar o mundo, colecionar stickers e socializar no espa\u00e7o f\u00edsico.<\/p>\n<p class=\"x_elementToProof\">A startup \u00e9 apoiada pela incubadora de Startups e Projetos do Instituto Portugu\u00eas do Cavado e do Ave START@IPCA.<\/p>\n<p class=\"x_elementToProof\">A distin\u00e7\u00e3o foi atribu\u00edda no \u00e2mbito do Road 2 Web Summit (R2WS), iniciativa desenvolvida em parceria pela Startup Portugal e pela Web Summit, destinada a dar palco \u00e0s startups early-stage mais promissoras do panorama nacional.<\/p>\n<p>A incubada na START@IPCA foi premiada pelos crit\u00e9rios de \u201cpresen\u00e7a not\u00e1vel, pitch performance\u00a0e\u00a0engagement\u00a0ao longo de todo o programa\u201d, ao demonstrar a sua capacidade de captar a aten\u00e7\u00e3o de investidores e pares internacionais no maior evento de tecnologia e inova\u00e7\u00e3o da Europa.<\/p>\n<p>\u201c\u00c9 um feito\u201d que projeta o ecossistema de empreendedorismo do Instituto Portugu\u00eas do Cavado e do Ave a n\u00edvel internacional, destaca a institui\u00e7\u00e3o liderada por Maria Jos\u00e9 Fernandes em comunicado enviado \u00e0 reda\u00e7\u00e3o do JE.<\/p>\n<p>A START@IPCA presta um apoio essencial no arranque e acelera\u00e7\u00e3o de projetos, facilitando o acesso a servi\u00e7os de consultoria especializados (desenvolvimento de produtos, digitaliza\u00e7\u00e3o de processos, marketing), programas estruturados de pr\u00e9-acelera\u00e7\u00e3o e acelera\u00e7\u00e3o, espa\u00e7o f\u00edsico, recursos de escrit\u00f3rio e networking, e forma\u00e7\u00e3o cont\u00ednua em empreendedorismo.<\/p>\n","protected":false},"excerpt":{"rendered":"Teemy, apoiada pela Incubadora START@IPCA foi distinguida no \u00e2mbito do Road 2 Web Summit (R2WS), que visa dar&hellip;\n","protected":false},"author":2,"featured_media":153562,"comment_status":"","ping_status":"","sticky":false,"template":"","format":"standard","meta":{"footnotes":""},"categories":[83],"tags":[88,89,3765,90,4535,32,33,33104,33105,110,33106,18123],"class_list":{"0":"post-153561","1":"post","2":"type-post","3":"status-publish","4":"format-standard","5":"has-post-thumbnail","7":"category-empresas","8":"tag-business","9":"tag-economy","10":"tag-empreendedorismo","11":"tag-empresas","12":"tag-ipca","13":"tag-portugal","14":"tag-pt","15":"tag-r2ws","16":"tag-startipca","17":"tag-tecnologia","18":"tag-teemy","19":"tag-web-summit"},"share_on_mastodon":{"url":"https:\/\/pubeurope.com\/@pt\/115558597793554053","error":""},"_links":{"self":[{"href":"https:\/\/www.europesays.com\/pt\/wp-json\/wp\/v2\/posts\/153561","targetHints":{"allow":["GET"]}}],"collection":[{"href":"https:\/\/www.europesays.com\/pt\/wp-json\/wp\/v2\/posts"}],"about":[{"href":"https:\/\/www.europesays.com\/pt\/wp-json\/wp\/v2\/types\/post"}],"author":[{"embeddable":true,"href":"https:\/\/www.europesays.com\/pt\/wp-json\/wp\/v2\/users\/2"}],"replies":[{"embeddable":true,"href":"https:\/\/www.europesays.com\/pt\/wp-json\/wp\/v2\/comments?post=153561"}],"version-history":[{"count":0,"href":"https:\/\/www.europesays.com\/pt\/wp-json\/wp\/v2\/posts\/153561\/revisions"}],"wp:featuredmedia":[{"embeddable":true,"href":"https:\/\/www.europesays.com\/pt\/wp-json\/wp\/v2\/media\/153562"}],"wp:attachment":[{"href":"https:\/\/www.europesays.com\/pt\/wp-json\/wp\/v2\/media?parent=153561"}],"wp:term":[{"taxonomy":"category","embeddable":true,"href":"https:\/\/www.europesays.com\/pt\/wp-json\/wp\/v2\/categories?post=153561"},{"taxonomy":"post_tag","embeddable":true,"href":"https:\/\/www.europesays.com\/pt\/wp-json\/wp\/v2\/tags?post=153561"}],"curies":[{"name":"wp","href":"https:\/\/api.w.org\/{rel}","templated":true}]}}