{"id":153563,"date":"2025-11-16T09:10:29","date_gmt":"2025-11-16T09:10:29","guid":{"rendered":"https:\/\/www.europesays.com\/pt\/153563\/"},"modified":"2025-11-16T09:10:29","modified_gmt":"2025-11-16T09:10:29","slug":"o-risco-de-uma-tempestade-solar-e-como-nos-afetaria","status":"publish","type":"post","link":"https:\/\/www.europesays.com\/pt\/153563\/","title":{"rendered":"o risco de uma tempestade solar e como nos afetaria"},"content":{"rendered":"<p> <img decoding=\"async\" fetchpriority=\"high\" src=\"https:\/\/www.europesays.com\/pt\/wp-content\/uploads\/2025\/11\/una-llamarada-del-sol-podria-devolvernos-a-la-edad-de-piedra-el-riesgo-de-una-tormenta-solar-y-como-.jpeg\"  width=\"768\" height=\"432\" alt=\"Sol\" title=\"Sol\" data-image=\"5jdnn6xlgh1q\"\/>Uma tempestade solar pode alterar diversos elementos na Terra. Porqu\u00ea, e quais s\u00e3o os riscos?   <img decoding=\"async\" fetchpriority=\"high\" src=\"https:\/\/www.europesays.com\/pt\/wp-content\/uploads\/2025\/11\/laura-faz.jpg\" alt=\"Laura Batista Faz\" width=\"40\" height=\"40\"\/>    <a class=\"nombre text-hv\" href=\"https:\/\/www.tempo.pt\/autor\/laura-faz\/\" title=\"Laura Batista Faz\" rel=\"nofollow noopener\" target=\"_blank\">Laura Batista Faz<\/a> Meteored Chile         15\/11\/2025 09:45   5 min   <\/p>\n<p>A nossa estrela tem dias de f\u00faria: <strong>erup\u00e7\u00f5es capazes de libertar energia equivalente a milhares de bombas at\u00f3micas<\/strong>. Se uma destas erup\u00e7\u00f5es atingisse a Terra, as consequ\u00eancias poderiam alterar profundamente a vida moderna e a nossa depend\u00eancia da tecnologia.<\/p>\n<p>O que \u00e9 uma eje\u00e7\u00e3o de massa coronal?<\/p>\n<p>Uma <strong>eje\u00e7\u00e3o de massa coronal (EMC) <\/strong>\u00e9 uma imensa bolha de g\u00e1s eletricamente carregado \u2014 <strong>plasma <\/strong>\u2014 que o Sol ejeta da sua coroa a velocidades de milh\u00f5es de quil\u00f3metros por hora.<\/p>\n<p>Estas nuvens de material solar, acompanhadas por intensos campos magn\u00e9ticos, podem atingir a Terra numa quest\u00e3o de horas e desencadear poderosas tempestades geomagn\u00e9ticas ao interagirem com o nosso campo magn\u00e9tico.<\/p>\n<p>Quando uma <strong>EMC atinge a magnetosfera da Terra<\/strong>, ela pode comprimir-se e gerar intensas correntes el\u00e9tricas. Isto<strong> desencadeia uma tempestade geomagn\u00e9tica<\/strong>, um fen\u00f3meno natural que pode ter efeitos espetaculares e, ao mesmo tempo, perigosos.<\/p>\n<p>Efeitos na Terra: auroras e caos tecnol\u00f3gico<\/p>\n<p>O impacto de uma tempestade solar n\u00e3o se limita \u00e0s<strong> coloridas auroras <\/strong>boreais e austrais. Na verdade, uma poderosa EMC pode ter s\u00e9rias <strong>consequ\u00eancias para a infraestrutura moderna<\/strong>.<\/p>\n<p><img loading=\"lazy\" decoding=\"async\" fetchpriority=\"low\" class=\"lazy \" src=\"https:\/\/www.europesays.com\/pt\/wp-content\/uploads\/2025\/11\/1763284227_482_una-llamarada-del-sol-podria-devolvernos-a-la-edad-de-piedra-el-riesgo-de-una-tormenta-solar-y-como-.jpeg\"  width=\"768\" height=\"432\" alt=\"aurora polar\" title=\"aurora polar\" data-image=\"igcjjnoeoxdk\"\/>Part\u00edculas solares colidem com a atmosfera da Terra, gerando luzes verdes e violetas: as espetaculares auroras polares podem ser boreais (hemisf\u00e9rio norte) ou austrais (hemisf\u00e9rio sul).<\/p>\n<p><strong>Part\u00edculas carregadas que colidem com a atmosfera produzem auroras<\/strong> vis\u00edveis mesmo em latitudes m\u00e9dias,<strong> mas tamb\u00e9m interferem nos sistemas de comunica\u00e7\u00e3o, navega\u00e7\u00e3o e energia<\/strong>.<\/p>\n<p><strong>Sat\u00e9lites <\/strong>podem sobreaquecer, apresentar mau funcionamento de instrumentos ou ter os seus <strong>pain\u00e9is solares <\/strong>danificados. Os sinais de <strong>GPS <\/strong>e de comunica\u00e7\u00e3o ficam distorcidos ou interrompidos durante horas, afetando voos, navios e servi\u00e7os de posicionamento.<\/p>\n<p><strong>O que \u00e9 uma tempestade solar, segundo a NASA?<\/strong><br \/>Uma tempestade solar \u00e9 uma explos\u00e3o repentina de part\u00edculas, energia, campos magn\u00e9ticos e material ejetados para o sistema solar pelo Sol.<\/p>\n<p><strong>Na Terra, o risco mais grave \u00e9 para as redes el\u00e9tricas<\/strong>. Varia\u00e7\u00f5es no campo magn\u00e9tico induzem correntes em transformadores e linhas de transmiss\u00e3o. Se essas correntes forem suficientemente fortes, podem derreter componentes, <strong>causar apag\u00f5es e deixar regi\u00f5es inteiras sem energia durante dias ou at\u00e9 semanas<\/strong>.<\/p>\n<p><img loading=\"lazy\" decoding=\"async\" fetchpriority=\"low\" class=\"lazy \" src=\"https:\/\/www.europesays.com\/pt\/wp-content\/uploads\/2025\/11\/1763284227_194_una-llamarada-del-sol-podria-devolvernos-a-la-edad-de-piedra-el-riesgo-de-una-tormenta-solar-y-como-.jpeg\"  width=\"768\" height=\"432\" data-image=\"gkx6pgnhmm3m\"\/>Quando uma tempestade geomagn\u00e9tica atinge a Terra, as correntes induzidas saturam transformadores e redes el\u00e9tricas, causando falhas e interrup\u00e7\u00f5es de energia em larga escala.<\/p>\n<p>Um <strong>evento extremo poderia comprometer as redes de internet, as telecomunica\u00e7\u00f5es e os sistemas de transporte<\/strong>, num cen\u00e1rio que os cientistas comparam a um poss\u00edvel &#8220;retrocesso tecnol\u00f3gico global&#8221;.<\/p>\n<p>Quando o Sol sacudiu a Terra: o Evento Carrington<\/p>\n<p>O <strong>Evento Carrington de 1859<\/strong> foi a <strong>tempestade solar mais intensa j\u00e1 registada<\/strong>. Durante este evento, auroras iluminaram os c\u00e9us at\u00e9 ao sul de Cuba e do Chile, e as linhas telegr\u00e1ficas \u2014 tecnologia de ponta na \u00e9poca \u2014 emitiram fa\u00edscas e funcionaram mesmo sem baterias, alimentadas exclusivamente por energia geomagn\u00e9tica.<\/p>\n<p><img loading=\"lazy\" decoding=\"async\" fetchpriority=\"low\" class=\"lazy \" src=\"https:\/\/www.europesays.com\/pt\/wp-content\/uploads\/2025\/11\/1763284228_344_una-llamarada-del-sol-podria-devolvernos-a-la-edad-de-piedra-el-riesgo-de-una-tormenta-solar-y-como-.jpeg\"  width=\"768\" height=\"432\" alt=\"m\u00ednimo e m\u00e1ximo solar\" title=\"m\u00ednimo e m\u00e1ximo solar\" data-image=\"7mx21fbagwgm\"\/>Assim \u00e9 o Sol quando est\u00e1 no seu m\u00ednimo de atividade (\u00e0 esquerda) e quando est\u00e1 no seu m\u00e1ximo (\u00e0 direita).<\/p>\n<p><strong>Se algo semelhante acontecesse hoje<\/strong>, com milhares de sat\u00e9lites em \u00f3rbita e uma civiliza\u00e7\u00e3o hiperconectada, <strong>o impacto seria colossal<\/strong>. Alguns estudos estimam que um evento desta magnitude poderia causar preju\u00edzos de trili\u00f5es de d\u00f3lares, paralisando sistemas de navega\u00e7\u00e3o, redes el\u00e9tricas e at\u00e9 mesmo servi\u00e7os de emerg\u00eancia.<\/p>\n<p>Especialistas alertam que <strong>o Sol passa por ciclos de atividade a cada 11 anos, e estamos a aproximar-nos do pico do ciclo atual<\/strong>. Cada aumento no n\u00famero de manchas solares eleva a possibilidade de que uma grande erup\u00e7\u00e3o solar ou eje\u00e7\u00e3o de massa coronal possa impactar o nosso planeta.<\/p>\n<p><a class=\"imagen \" href=\"https:\/\/www.tempo.pt\/noticias\/ciencia\/a-tempestade-que-pode-por-fim-a-civilizacao-carrington.html\" title=\"A tempestade que pode p\u00f4r fim \u00e0 civiliza\u00e7\u00e3o\" rel=\"nofollow noopener\" target=\"_blank\"><img loading=\"lazy\" decoding=\"async\" fetchpriority=\"low\" class=\"lazy img-body non-editable\" src=\"https:\/\/www.europesays.com\/pt\/wp-content\/uploads\/2025\/11\/el-desastre-menos-pensado-y-que-nos-puede-hacer-volver-a-la-edad-de-piedra-1661639859449_320.jpg\"  width=\"320\" height=\"225\" alt=\"A tempestade que pode p\u00f4r fim \u00e0 civiliza\u00e7\u00e3o\"\/><\/a><\/p>\n<p>Embora as ag\u00eancias espaciais monitorizem constantemente o Sol, <strong>ainda n\u00e3o existe um sistema capaz de evitar danos <\/strong>caso uma tempestade de alta intensidade nos atinja.<\/p>\n<p>Refer\u00eancias da not\u00edcia<\/p>\n<p><a href=\"https:\/\/science.nasa.gov\/sun\/solar-storms-and-flares\/\" target=\"_blank\" rel=\"nofollow noopener\">Solar Storms and Flares<\/a>. 2025. NASA.<\/p>\n<p><a href=\"https:\/\/www.nationalgeographic.com.es\/ciencia\/que-son-tormentas-solares-como-afectan-como-prepararse-para-proxima_19818\" target=\"_blank\" rel=\"nofollow noopener\">Qu\u00e9 son las tormentas solares, c\u00f3mo afectan y c\u00f3mo prepararse para la pr\u00f3xima<\/a>. 23 de julho, 2024. Sergio Parra.<\/p>\n","protected":false},"excerpt":{"rendered":"Uma tempestade solar pode alterar diversos elementos na Terra. Porqu\u00ea, e quais s\u00e3o os riscos? Laura Batista Faz&hellip;\n","protected":false},"author":2,"featured_media":153564,"comment_status":"","ping_status":"","sticky":false,"template":"","format":"standard","meta":{"footnotes":""},"categories":[50],"tags":[33108,27,28,33110,33109,33107,15,16,14,25,26,21,22,62,12,13,19,20,23,24,587,2836,33111,27351,1151,17,18,29,30,31,63,64,65],"class_list":{"0":"post-153563","1":"post","2":"type-post","3":"status-publish","4":"format-standard","5":"has-post-thumbnail","7":"category-mundo","8":"tag-auroras","9":"tag-breaking-news","10":"tag-breakingnews","11":"tag-ejecao-de-massa-coronal","12":"tag-erupcao-solar","13":"tag-evento-carrington","14":"tag-featured-news","15":"tag-featurednews","16":"tag-headlines","17":"tag-latest-news","18":"tag-latestnews","19":"tag-main-news","20":"tag-mainnews","21":"tag-mundo","22":"tag-news","23":"tag-noticias","24":"tag-noticias-principais","25":"tag-noticiasprincipais","26":"tag-principais-noticias","27":"tag-principaisnoticias","28":"tag-satelites","29":"tag-sol","30":"tag-tempestade-geomagnetica","31":"tag-tempestade-solar","32":"tag-terra","33":"tag-top-stories","34":"tag-topstories","35":"tag-ultimas","36":"tag-ultimas-noticias","37":"tag-ultimasnoticias","38":"tag-world","39":"tag-world-news","40":"tag-worldnews"},"share_on_mastodon":{"url":"","error":"Validation failed: Text character limit of 500 exceeded"},"_links":{"self":[{"href":"https:\/\/www.europesays.com\/pt\/wp-json\/wp\/v2\/posts\/153563","targetHints":{"allow":["GET"]}}],"collection":[{"href":"https:\/\/www.europesays.com\/pt\/wp-json\/wp\/v2\/posts"}],"about":[{"href":"https:\/\/www.europesays.com\/pt\/wp-json\/wp\/v2\/types\/post"}],"author":[{"embeddable":true,"href":"https:\/\/www.europesays.com\/pt\/wp-json\/wp\/v2\/users\/2"}],"replies":[{"embeddable":true,"href":"https:\/\/www.europesays.com\/pt\/wp-json\/wp\/v2\/comments?post=153563"}],"version-history":[{"count":0,"href":"https:\/\/www.europesays.com\/pt\/wp-json\/wp\/v2\/posts\/153563\/revisions"}],"wp:featuredmedia":[{"embeddable":true,"href":"https:\/\/www.europesays.com\/pt\/wp-json\/wp\/v2\/media\/153564"}],"wp:attachment":[{"href":"https:\/\/www.europesays.com\/pt\/wp-json\/wp\/v2\/media?parent=153563"}],"wp:term":[{"taxonomy":"category","embeddable":true,"href":"https:\/\/www.europesays.com\/pt\/wp-json\/wp\/v2\/categories?post=153563"},{"taxonomy":"post_tag","embeddable":true,"href":"https:\/\/www.europesays.com\/pt\/wp-json\/wp\/v2\/tags?post=153563"}],"curies":[{"name":"wp","href":"https:\/\/api.w.org\/{rel}","templated":true}]}}