{"id":153566,"date":"2025-11-16T09:12:30","date_gmt":"2025-11-16T09:12:30","guid":{"rendered":"https:\/\/www.europesays.com\/pt\/153566\/"},"modified":"2025-11-16T09:12:30","modified_gmt":"2025-11-16T09:12:30","slug":"depressao-claudia-fenomenos-extremos-explicados-pelo-ar-tropical-e-o-aquecimento-do-oceano","status":"publish","type":"post","link":"https:\/\/www.europesays.com\/pt\/153566\/","title":{"rendered":"Depress\u00e3o Cl\u00e1udia. Fen\u00f3menos extremos explicados pelo &#8220;ar tropical&#8221; e o aquecimento do oceano"},"content":{"rendered":"<p>                &#8220;Estamos habituados a ter depress\u00f5es e frentes frias e quentes no outono&#8221;, come\u00e7ou por explicar o professor da Faculdade de Ci\u00eancias da Universidade de Lisboa, acrescentando que este fen\u00f3menos, &#8220;do ponto de vista da fenomenologia&#8221;, n\u00e3o s\u00e3o muito novos.<\/p>\n<p>&#8220;Estamos habituados. J\u00e1 tivemos grandes epis\u00f3dios de inunda\u00e7\u00f5es em outubro e novembro&#8221;, continuou e explicou que, desta vez, &#8221; temos uma depress\u00e3o que ficou muito estacion\u00e1ria no nosso territ\u00f3rio e a excecionalidade prende-se com o n\u00famero de epis\u00f3dios extremos &#8211; tanto de vento como de precipita\u00e7\u00e3o &#8211; que ocorreram em toda a extens\u00e3o do territ\u00f3rio&#8221;.<\/p>\n<p>A somar a isso h\u00e1 ainda &#8220;o ar tropical&#8221;, transportado de leste para a nossa latitude, e o aquecimento do oceano Atl\u00e2ntico.<\/p>\n<p>&#8220;Temos aqui os ingredientes para ter uma intensifica\u00e7\u00e3o destes fen\u00f3menos&#8221;, disse Pedro Matos Soares.<br \/>&#13;\n<\/p>\n<p>          <img decoding=\"async\" itemprop=\"image\" class=\"img-fluid\"   src=\"https:\/\/www.europesays.com\/pt\/wp-content\/uploads\/2025\/11\/4b578a6352ae0a96d3ec9de6f5759e4c_N.jpg\"\/><\/p>\n<p>\nS\u00e3o fen\u00f3menos locais, &#8220;muito estacion\u00e1rio&#8221;, o que torna &#8220;muito dif\u00edcil ter uma previs\u00e3o local&#8221;.<\/p>\n<p>O especialista salientou ainda que temos um &#8220;risco clim\u00e1tico h\u00e1 muito tempo&#8221; e o problema \u00e9 que &#8220;n\u00f3s enquanto sociedade n\u00e3o queremos encarar isso&#8221;.&#13;\n            <\/p>\n","protected":false},"excerpt":{"rendered":"&#8220;Estamos habituados a ter depress\u00f5es e frentes frias e quentes no outono&#8221;, come\u00e7ou por explicar o professor da&hellip;\n","protected":false},"author":2,"featured_media":153567,"comment_status":"","ping_status":"","sticky":false,"template":"","format":"standard","meta":{"footnotes":""},"categories":[8],"tags":[27,28,15,16,14,25,26,21,22,12,13,19,20,32,23,24,33,420,421,17,18,29,30,31],"class_list":{"0":"post-153566","1":"post","2":"type-post","3":"status-publish","4":"format-standard","5":"has-post-thumbnail","7":"category-principais-noticias","8":"tag-breaking-news","9":"tag-breakingnews","10":"tag-featured-news","11":"tag-featurednews","12":"tag-headlines","13":"tag-latest-news","14":"tag-latestnews","15":"tag-main-news","16":"tag-mainnews","17":"tag-news","18":"tag-noticias","19":"tag-noticias-principais","20":"tag-noticiasprincipais","21":"tag-portugal","22":"tag-principais-noticias","23":"tag-principaisnoticias","24":"tag-pt","25":"tag-rtp","26":"tag-rtp-noticias","27":"tag-top-stories","28":"tag-topstories","29":"tag-ultimas","30":"tag-ultimas-noticias","31":"tag-ultimasnoticias"},"share_on_mastodon":{"url":"https:\/\/pubeurope.com\/@pt\/115558609643184990","error":""},"_links":{"self":[{"href":"https:\/\/www.europesays.com\/pt\/wp-json\/wp\/v2\/posts\/153566","targetHints":{"allow":["GET"]}}],"collection":[{"href":"https:\/\/www.europesays.com\/pt\/wp-json\/wp\/v2\/posts"}],"about":[{"href":"https:\/\/www.europesays.com\/pt\/wp-json\/wp\/v2\/types\/post"}],"author":[{"embeddable":true,"href":"https:\/\/www.europesays.com\/pt\/wp-json\/wp\/v2\/users\/2"}],"replies":[{"embeddable":true,"href":"https:\/\/www.europesays.com\/pt\/wp-json\/wp\/v2\/comments?post=153566"}],"version-history":[{"count":0,"href":"https:\/\/www.europesays.com\/pt\/wp-json\/wp\/v2\/posts\/153566\/revisions"}],"wp:featuredmedia":[{"embeddable":true,"href":"https:\/\/www.europesays.com\/pt\/wp-json\/wp\/v2\/media\/153567"}],"wp:attachment":[{"href":"https:\/\/www.europesays.com\/pt\/wp-json\/wp\/v2\/media?parent=153566"}],"wp:term":[{"taxonomy":"category","embeddable":true,"href":"https:\/\/www.europesays.com\/pt\/wp-json\/wp\/v2\/categories?post=153566"},{"taxonomy":"post_tag","embeddable":true,"href":"https:\/\/www.europesays.com\/pt\/wp-json\/wp\/v2\/tags?post=153566"}],"curies":[{"name":"wp","href":"https:\/\/api.w.org\/{rel}","templated":true}]}}