{"id":153572,"date":"2025-11-16T09:19:04","date_gmt":"2025-11-16T09:19:04","guid":{"rendered":"https:\/\/www.europesays.com\/pt\/153572\/"},"modified":"2025-11-16T09:19:04","modified_gmt":"2025-11-16T09:19:04","slug":"suica-goleia-suecia-e-so-desastre-vai-impedir-apuramento-zerozero-pt","status":"publish","type":"post","link":"https:\/\/www.europesays.com\/pt\/153572\/","title":{"rendered":"Su\u00ed\u00e7a goleia Su\u00e9cia e s\u00f3 desastre vai impedir apuramento &#8211; zerozero.pt"},"content":{"rendered":"<ol>\n<li><a href=\"https:\/\/news.google.com\/rss\/articles\/CBMinAFBVV95cUxQbUtWWDU4VUg4dl9jTjQ3azYtemRnSlNseWNETC10akZOVThiTWlsWEpQeDlKWmlJMDBwLUo5RV9nWTdUcFVNd0c0cGhzUFZhSThOWjBaUV92Q1VnMFJOcW1yek0xeEtRQndaNkRFcENFUEZQd0ZlUXFSZDUyUXV2SmVDMGpSdldjb0xZTjNBV2ZPN2ltRmV3bkc3bGo?oc=5\" target=\"_blank\" rel=\"nofollow noopener\">Su\u00ed\u00e7a goleia Su\u00e9cia e s\u00f3 desastre vai impedir apuramento<\/a>&nbsp;&nbsp;zerozero.pt<\/li>\n<li><a href=\"https:\/\/news.google.com\/rss\/articles\/CBMi2wFBVV95cUxNaGp2T3R3Wk44aVB3LUVHTFRNN2NlVEVVQm9RYi1SeEFKM3V0U01rcGRuS241MWcyYVhIdlVBT1N0bF9ueGRKZWRkZS1DUElvUXZJOFk5dE9rWmRaY0R0dlQwOWRiZTA1eW1Zb0VPWTV5MUdPcWpselNCVTlTa25GMVczdU5ua3hleDBKbjFVZnNBRFhILXd6dzhQcm5YRUE3ZUZNc1gwaXMxaVJEVEFhU0MyX1l6ZkxIYWZUazItd0d0bXQxaUpqOTAzZllMNTlxOWRWdmZObFFiSzQ?oc=5\" target=\"_blank\" rel=\"nofollow noopener\">Su\u00ed\u00e7a vence e s\u00f3 perde vaga direta na Copa em desastre; \u00c1ustria tem &#8216;final&#8217;<\/a>&nbsp;&nbsp;UOL<\/li>\n<li><a href=\"https:\/\/news.google.com\/rss\/articles\/CBMijAFBVV95cUxPRHlYc0FtZVFZdlUwdVJRbllwUktUMmFxTzhqV2dVQXFGUUdLS3BfQWZwYUpzNlQzNG5SM3RqcWhwZmdEaGR3Z0k2WG0tVnRZTER4dnhJaFVDQ1BQZkVXLV83WnlyWkZlQzE2YnJFRUNHaFpGREtRenVEUmp1a2w4WWctZnhDaEd6ZXhUdQ?oc=5\" target=\"_blank\" rel=\"nofollow noopener\">Su\u00ed\u00e7a x Su\u00e9cia: onde assistir, hor\u00e1rio e escala\u00e7\u00f5es<\/a>&nbsp;&nbsp;VEJA<\/li>\n<li><a href=\"https:\/\/news.google.com\/rss\/articles\/CBMipAFBVV95cUxPTEpybFFBbGVLRkZZUDM1NjBQVUFibldSdlFNd3pXYU4yVkowcUt4dkpmRUl5OEZTNjZ6dFRMZ0xrdXhCbGdXZThDMjNUU0FIeHkwTG4wRkhLNVJuLVEzSzlPSnlMc2hpTTBSRndkeE9WMFJ5bHpoR0QycVV2aUxLTU1KMUplbGh0cTRRNFMxSmtrdmdkaXoyZk9MMTZmNW9YR0U5RA?oc=5\" target=\"_blank\" rel=\"nofollow noopener\">Eliminat\u00f3rias Copa 2026 &#8211; Europa<\/a>&nbsp;&nbsp;Terra<\/li>\n<li><a href=\"https:\/\/news.google.com\/rss\/articles\/CBMi-wFBVV95cUxPNXJtaGZkd0pleHZmOG9IMEVTUVFyVnpWT2NRbFRWTXpIVmdZWnNXZlZsb3VCZG5YXzhlNmU1dzJEd2VjSENVcWp1blJvdk51U3dna3VuaVl3VVd4ZWNHNFZxMU9wbUZzSG9pZ0o2c1Z2dFlmZWFpS3l0RUt0QTMwcEZSVlA1dnFmS3Rhb1NTd0YxQkltNWVSbE41QXpGWEVtUzJYdTFGZEdjQlBLcUNVR2gtenJxMUw3d2hBdlN6bFBTdTZOdzRYTGlFMUVFRjdwcHZXWGNiMlJEVWtxSFo0NEV5Rk9WdTlTUG5VZ3lUcV9EN0RaUEtNRmNqMA?oc=5\" target=\"_blank\" rel=\"nofollow noopener\">Su\u00ed\u00e7a leva susto contra a Su\u00e9cia, mas goleia e fica perto de vaga na Copa do Mundo<\/a>&nbsp;&nbsp;MSN<\/li>\n<\/ol>\n","protected":false},"excerpt":{"rendered":"Su\u00ed\u00e7a goleia Su\u00e9cia e s\u00f3 desastre vai impedir apuramento&nbsp;&nbsp;zerozero.pt Su\u00ed\u00e7a vence e s\u00f3 perde vaga direta na Copa&hellip;\n","protected":false},"author":2,"featured_media":153573,"comment_status":"","ping_status":"","sticky":false,"template":"","format":"standard","meta":{"footnotes":""},"categories":[87],"tags":[3056,2685,135,16996,870,2698,526,31454,524,1003,6027,13,32,33,527,31535,525,134,31536,2697,523],"class_list":{"0":"post-153572","1":"post","2":"type-post","3":"status-publish","4":"format-standard","5":"has-post-thumbnail","7":"category-desporto","8":"tag-ao-vivo","9":"tag-bola","10":"tag-desporto","11":"tag-europeu","12":"tag-eventos","13":"tag-fifa","14":"tag-football","15":"tag-forum","16":"tag-futebol","17":"tag-liga-dos-campeoes","18":"tag-mundial","19":"tag-noticias","20":"tag-portugal","21":"tag-pt","22":"tag-resultados","23":"tag-resultados-em-directo","24":"tag-soccer","25":"tag-sports","26":"tag-torneios","27":"tag-uefa","28":"tag-zerozero"},"share_on_mastodon":{"url":"https:\/\/pubeurope.com\/@pt\/115558636954210434","error":""},"_links":{"self":[{"href":"https:\/\/www.europesays.com\/pt\/wp-json\/wp\/v2\/posts\/153572","targetHints":{"allow":["GET"]}}],"collection":[{"href":"https:\/\/www.europesays.com\/pt\/wp-json\/wp\/v2\/posts"}],"about":[{"href":"https:\/\/www.europesays.com\/pt\/wp-json\/wp\/v2\/types\/post"}],"author":[{"embeddable":true,"href":"https:\/\/www.europesays.com\/pt\/wp-json\/wp\/v2\/users\/2"}],"replies":[{"embeddable":true,"href":"https:\/\/www.europesays.com\/pt\/wp-json\/wp\/v2\/comments?post=153572"}],"version-history":[{"count":0,"href":"https:\/\/www.europesays.com\/pt\/wp-json\/wp\/v2\/posts\/153572\/revisions"}],"wp:featuredmedia":[{"embeddable":true,"href":"https:\/\/www.europesays.com\/pt\/wp-json\/wp\/v2\/media\/153573"}],"wp:attachment":[{"href":"https:\/\/www.europesays.com\/pt\/wp-json\/wp\/v2\/media?parent=153572"}],"wp:term":[{"taxonomy":"category","embeddable":true,"href":"https:\/\/www.europesays.com\/pt\/wp-json\/wp\/v2\/categories?post=153572"},{"taxonomy":"post_tag","embeddable":true,"href":"https:\/\/www.europesays.com\/pt\/wp-json\/wp\/v2\/tags?post=153572"}],"curies":[{"name":"wp","href":"https:\/\/api.w.org\/{rel}","templated":true}]}}