{"id":153576,"date":"2025-11-16T09:23:11","date_gmt":"2025-11-16T09:23:11","guid":{"rendered":"https:\/\/www.europesays.com\/pt\/153576\/"},"modified":"2025-11-16T09:23:11","modified_gmt":"2025-11-16T09:23:11","slug":"primor-acaba-de-abrir-uma-nova-loja-na-grande-lisboa-nit","status":"publish","type":"post","link":"https:\/\/www.europesays.com\/pt\/153576\/","title":{"rendered":"Primor acaba de abrir uma nova loja na Grande Lisboa \u2014 NiT"},"content":{"rendered":"<p>Podemos j\u00e1 estar na reta final do ano, mas, mesmo assim, a Primor continua a apostar nas novidades. Esta sexta-feira, 14 de novembro, foi inaugurada a nova loja da marca, no Oeiras Parque.<\/p>\n<p>Como \u00e9 habitual, a nova loja disponibiliza uma enorme variedade de produtos. O cat\u00e1logo inclui perfumes, maquilhagem, cuidados capilares, higiene pessoal e artigos para beb\u00e9s, entre outras categorias.<\/p>\n<p>Marcas como Lanc\u00f4me, Shiseido, Est\u00e9e Lauder, Yves Saint Laurent e Guerlain integram a oferta, que tamb\u00e9m contempla op\u00e7\u00f5es mais acess\u00edveis. Uma das principais caracter\u00edsticas da Primor continua a ser a pol\u00edtica de promo\u00e7\u00f5es regulares, independentemente da altura do ano.<\/p>\n<p>Com esta abertura, a retalhista espanhola totaliza 20 lojas em territ\u00f3rio nacional, em cidades como Lisboa, Braga, Vila Real, Coimbra, Guimar\u00e3es, Portim\u00e3o, Viana do Castelo, Coimbra, Funchal ou Cascais. Em conjunto com Espanha e Andorra, a marca opera atualmente em mais de 180 localiza\u00e7\u00f5es.<\/p>\n<p>Fundada em 1953, a Primor \u00e9 conhecida por vender artigos de marcas de prest\u00edgio a pre\u00e7os inferiores aos do mercado habitual. No site da marca existe um separador designado Promo\u00e7\u00f5es Flash, onde est\u00e3o dispon\u00edveis v\u00e1rios perfumes e cosm\u00e9ticos com descontos de at\u00e9 50 por cento.<\/p>\n<p>Carregue na galeria para descobrir a lista completa dos produtos virais da marca com pre\u00e7os at\u00e9 10\u20ac.<\/p>\n","protected":false},"excerpt":{"rendered":"Podemos j\u00e1 estar na reta final do ano, mas, mesmo assim, a Primor continua a apostar nas novidades.&hellip;\n","protected":false},"author":2,"featured_media":153577,"comment_status":"","ping_status":"","sticky":false,"template":"","format":"standard","meta":{"footnotes":""},"categories":[83],"tags":[88,89,90,32,33],"class_list":{"0":"post-153576","1":"post","2":"type-post","3":"status-publish","4":"format-standard","5":"has-post-thumbnail","7":"category-empresas","8":"tag-business","9":"tag-economy","10":"tag-empresas","11":"tag-portugal","12":"tag-pt"},"share_on_mastodon":{"url":"https:\/\/pubeurope.com\/@pt\/115558652656871894","error":""},"_links":{"self":[{"href":"https:\/\/www.europesays.com\/pt\/wp-json\/wp\/v2\/posts\/153576","targetHints":{"allow":["GET"]}}],"collection":[{"href":"https:\/\/www.europesays.com\/pt\/wp-json\/wp\/v2\/posts"}],"about":[{"href":"https:\/\/www.europesays.com\/pt\/wp-json\/wp\/v2\/types\/post"}],"author":[{"embeddable":true,"href":"https:\/\/www.europesays.com\/pt\/wp-json\/wp\/v2\/users\/2"}],"replies":[{"embeddable":true,"href":"https:\/\/www.europesays.com\/pt\/wp-json\/wp\/v2\/comments?post=153576"}],"version-history":[{"count":0,"href":"https:\/\/www.europesays.com\/pt\/wp-json\/wp\/v2\/posts\/153576\/revisions"}],"wp:featuredmedia":[{"embeddable":true,"href":"https:\/\/www.europesays.com\/pt\/wp-json\/wp\/v2\/media\/153577"}],"wp:attachment":[{"href":"https:\/\/www.europesays.com\/pt\/wp-json\/wp\/v2\/media?parent=153576"}],"wp:term":[{"taxonomy":"category","embeddable":true,"href":"https:\/\/www.europesays.com\/pt\/wp-json\/wp\/v2\/categories?post=153576"},{"taxonomy":"post_tag","embeddable":true,"href":"https:\/\/www.europesays.com\/pt\/wp-json\/wp\/v2\/tags?post=153576"}],"curies":[{"name":"wp","href":"https:\/\/api.w.org\/{rel}","templated":true}]}}