{"id":153578,"date":"2025-11-16T09:24:27","date_gmt":"2025-11-16T09:24:27","guid":{"rendered":"https:\/\/www.europesays.com\/pt\/153578\/"},"modified":"2025-11-16T09:24:27","modified_gmt":"2025-11-16T09:24:27","slug":"em-dias-de-chuva-o-que-nunca-mas-nunca-deves-fazer-com-o-carro","status":"publish","type":"post","link":"https:\/\/www.europesays.com\/pt\/153578\/","title":{"rendered":"Em dias de chuva o que nunca, mas nunca deves fazer com o carro"},"content":{"rendered":"<p>Chuva, chuva e mais chuva s\u00e3o as previs\u00f5es do\u00a0Instituto Portugu\u00eas do Mar e da Atmosfera (IPMA) at\u00e9 \u00e0 pr\u00f3xima segunda-feira, 17 de novembro. Infelizmente, parece que n\u00e3o vamos poder largar o chap\u00e9u de chuva, a n\u00e3o ser que andemos de carro para todo o lado. E, nesse caso, h\u00e1 que ter alguns cuidados.\u00a0<\/p>\n<p>Andar de carro em dias de chuva torna-se particularmente perigoso, n\u00e3o s\u00f3 porque a visibilidade \u00e9 menor, como pelo facto de o piso estar mais escorregadio. E o que fazer no caso de nos aparecer \u00e0 frente um grande len\u00e7ol de \u00e1gua?\u00a0<\/p>\n<p>&#8220;A pior coisa que podem fazer \u00e9 travar a fundo em cima de um len\u00e7ol de \u00e1gua&#8221;, afirma uma instrutora da\u00a0Escola de Condu\u00e7\u00e3o Universia. A raz\u00e3o \u00e9 simples: &#8220;As rodas v\u00e3o bloquear todas ao mesmo tempo e a probabilidade de te despistares \u00e9 maior&#8221;, justifica.\u00a0<\/p>\n<p>O ideal ser\u00e1, ent\u00e3o, &#8220;segurar com firmeza o volante&#8221; ou trabalhar a caixa, isto \u00e9, as mudan\u00e7as do motor, antes de entrar no len\u00e7ol.<\/p>\n<p>Fica a dica.\u00a0<\/p>\n","protected":false},"excerpt":{"rendered":"Chuva, chuva e mais chuva s\u00e3o as previs\u00f5es do\u00a0Instituto Portugu\u00eas do Mar e da Atmosfera (IPMA) at\u00e9 \u00e0&hellip;\n","protected":false},"author":2,"featured_media":153579,"comment_status":"","ping_status":"","sticky":false,"template":"","format":"standard","meta":{"footnotes":""},"categories":[50],"tags":[1081,27,28,3981,2139,204,15,16,754,14,350,25,26,186,21,22,1079,62,12,13,19,20,23,24,17,18,29,30,31,1078,1080,63,64,65],"class_list":{"0":"post-153578","1":"post","2":"type-post","3":"status-publish","4":"format-standard","5":"has-post-thumbnail","7":"category-mundo","8":"tag-beleza","9":"tag-breaking-news","10":"tag-breakingnews","11":"tag-carro","12":"tag-chuva","13":"tag-design","14":"tag-featured-news","15":"tag-featurednews","16":"tag-gastronomia","17":"tag-headlines","18":"tag-ipma","19":"tag-latest-news","20":"tag-latestnews","21":"tag-lifestyle","22":"tag-main-news","23":"tag-mainnews","24":"tag-moda","25":"tag-mundo","26":"tag-news","27":"tag-noticias","28":"tag-noticias-principais","29":"tag-noticiasprincipais","30":"tag-principais-noticias","31":"tag-principaisnoticias","32":"tag-top-stories","33":"tag-topstories","34":"tag-ultimas","35":"tag-ultimas-noticias","36":"tag-ultimasnoticias","37":"tag-versa","38":"tag-viagens","39":"tag-world","40":"tag-world-news","41":"tag-worldnews"},"share_on_mastodon":{"url":"https:\/\/pubeurope.com\/@pt\/115558656543824536","error":""},"_links":{"self":[{"href":"https:\/\/www.europesays.com\/pt\/wp-json\/wp\/v2\/posts\/153578","targetHints":{"allow":["GET"]}}],"collection":[{"href":"https:\/\/www.europesays.com\/pt\/wp-json\/wp\/v2\/posts"}],"about":[{"href":"https:\/\/www.europesays.com\/pt\/wp-json\/wp\/v2\/types\/post"}],"author":[{"embeddable":true,"href":"https:\/\/www.europesays.com\/pt\/wp-json\/wp\/v2\/users\/2"}],"replies":[{"embeddable":true,"href":"https:\/\/www.europesays.com\/pt\/wp-json\/wp\/v2\/comments?post=153578"}],"version-history":[{"count":0,"href":"https:\/\/www.europesays.com\/pt\/wp-json\/wp\/v2\/posts\/153578\/revisions"}],"wp:featuredmedia":[{"embeddable":true,"href":"https:\/\/www.europesays.com\/pt\/wp-json\/wp\/v2\/media\/153579"}],"wp:attachment":[{"href":"https:\/\/www.europesays.com\/pt\/wp-json\/wp\/v2\/media?parent=153578"}],"wp:term":[{"taxonomy":"category","embeddable":true,"href":"https:\/\/www.europesays.com\/pt\/wp-json\/wp\/v2\/categories?post=153578"},{"taxonomy":"post_tag","embeddable":true,"href":"https:\/\/www.europesays.com\/pt\/wp-json\/wp\/v2\/tags?post=153578"}],"curies":[{"name":"wp","href":"https:\/\/api.w.org\/{rel}","templated":true}]}}