{"id":153580,"date":"2025-11-16T09:25:08","date_gmt":"2025-11-16T09:25:08","guid":{"rendered":"https:\/\/www.europesays.com\/pt\/153580\/"},"modified":"2025-11-16T09:25:08","modified_gmt":"2025-11-16T09:25:08","slug":"pj-prende-um-dos-maiores-traficantes-do-brasil-em-lisboa","status":"publish","type":"post","link":"https:\/\/www.europesays.com\/pt\/153580\/","title":{"rendered":"PJ prende um dos maiores traficantes do Brasil em Lisboa"},"content":{"rendered":"<p>Foi condenado a 29 anos de cadeia no Brasil por tr\u00e1fico de droga, mas, enquanto aguardava por uma decis\u00e3o de recurso em liberdade, ter\u00e1 montado um esquema de contrabando de combust\u00edvel, adulterado com metanol. Em maio, Ygor Daniel Zago, conhecido pela alcunha de &#8220;Hulk&#8221;, escondeu-se em Portugal, de onde geria os neg\u00f3cios ilegais. Mas, recentemente, caiu um mandado de deten\u00e7\u00e3o internacional emitido pelas autoridades brasileiras e a PJ conseguiu localiz\u00e1-lo e prend\u00ea-lo esta semana, em Lisboa, para ser extraditado.<\/p>\n","protected":false},"excerpt":{"rendered":"Foi condenado a 29 anos de cadeia no Brasil por tr\u00e1fico de droga, mas, enquanto aguardava por uma&hellip;\n","protected":false},"author":2,"featured_media":153581,"comment_status":"","ping_status":"","sticky":false,"template":"","format":"standard","meta":{"footnotes":""},"categories":[10],"tags":[726,27,28,9055,15,16,14,603,25,26,21,22,12,13,19,20,4107,32,23,24,33,17,18,27969,29,30,31],"class_list":{"0":"post-153580","1":"post","2":"type-post","3":"status-publish","4":"format-standard","5":"has-post-thumbnail","7":"category-portugal","8":"tag-brasil","9":"tag-breaking-news","10":"tag-breakingnews","11":"tag-combustivel","12":"tag-featured-news","13":"tag-featurednews","14":"tag-headlines","15":"tag-justica","16":"tag-latest-news","17":"tag-latestnews","18":"tag-main-news","19":"tag-mainnews","20":"tag-news","21":"tag-noticias","22":"tag-noticias-principais","23":"tag-noticiasprincipais","24":"tag-pj","25":"tag-portugal","26":"tag-principais-noticias","27":"tag-principaisnoticias","28":"tag-pt","29":"tag-top-stories","30":"tag-topstories","31":"tag-trafico","32":"tag-ultimas","33":"tag-ultimas-noticias","34":"tag-ultimasnoticias"},"share_on_mastodon":{"url":"https:\/\/pubeurope.com\/@pt\/115558660466380932","error":""},"_links":{"self":[{"href":"https:\/\/www.europesays.com\/pt\/wp-json\/wp\/v2\/posts\/153580","targetHints":{"allow":["GET"]}}],"collection":[{"href":"https:\/\/www.europesays.com\/pt\/wp-json\/wp\/v2\/posts"}],"about":[{"href":"https:\/\/www.europesays.com\/pt\/wp-json\/wp\/v2\/types\/post"}],"author":[{"embeddable":true,"href":"https:\/\/www.europesays.com\/pt\/wp-json\/wp\/v2\/users\/2"}],"replies":[{"embeddable":true,"href":"https:\/\/www.europesays.com\/pt\/wp-json\/wp\/v2\/comments?post=153580"}],"version-history":[{"count":0,"href":"https:\/\/www.europesays.com\/pt\/wp-json\/wp\/v2\/posts\/153580\/revisions"}],"wp:featuredmedia":[{"embeddable":true,"href":"https:\/\/www.europesays.com\/pt\/wp-json\/wp\/v2\/media\/153581"}],"wp:attachment":[{"href":"https:\/\/www.europesays.com\/pt\/wp-json\/wp\/v2\/media?parent=153580"}],"wp:term":[{"taxonomy":"category","embeddable":true,"href":"https:\/\/www.europesays.com\/pt\/wp-json\/wp\/v2\/categories?post=153580"},{"taxonomy":"post_tag","embeddable":true,"href":"https:\/\/www.europesays.com\/pt\/wp-json\/wp\/v2\/tags?post=153580"}],"curies":[{"name":"wp","href":"https:\/\/api.w.org\/{rel}","templated":true}]}}