{"id":153587,"date":"2025-11-16T09:33:20","date_gmt":"2025-11-16T09:33:20","guid":{"rendered":"https:\/\/www.europesays.com\/pt\/153587\/"},"modified":"2025-11-16T09:33:20","modified_gmt":"2025-11-16T09:33:20","slug":"atletico-madrid-avanca-com-80-milhoes-de-euros-por-antigo-medio-do-benfica","status":"publish","type":"post","link":"https:\/\/www.europesays.com\/pt\/153587\/","title":{"rendered":"Atl\u00e9tico Madrid avan\u00e7a com 80 milh\u00f5es de euros por antigo m\u00e9dio do Benfica"},"content":{"rendered":"<p>&#8211; Advertisement &#8211;<\/p>\n<p>O Atl\u00e9tico Madrid quer refor\u00e7ar o plantel. De acordo com o di\u00e1rio Fichajes, Enzo Fern\u00e1ndez est\u00e1 na lista do emblema espanhol e os colchoneros preparam uma proposta de peso. <\/p>\n<p>O emblema madrilenho est\u00e1 na disposi\u00e7\u00e3o de chegar aos 80 milh\u00f5es de euros para contratar o m\u00e9dio, um valor substancialmente inferior aos 120 que o Chelsea pagou pelo argentino ao Benfica em janeiro de 2023. Os blues <a href=\"https:\/\/bolanarede.pt\/especial-bola-na-rede\/atualidade\/chelsea-assusta-concorrentes-por-enzo-fernandez\/\" target=\"_blank\" rel=\"noreferrer noopener nofollow\">exigem pelo menos 130 milh\u00f5es de euros para a venda do argentino.<\/a><\/p>\n<p>Enzo Fern\u00e1ndez tem 24 anos e esta \u00e9poca fez 16 jogos pelo Chelsea nos quais soma quatro golos e uma assist\u00eancia. Al\u00e9m do Atl\u00e9tico Madrid, tamb\u00e9m o Real Madrid, rival da cidade, <a href=\"https:\/\/bolanarede.pt\/especial-bola-na-rede\/atualidade\/xabi-alonso-planeia-reforcar-o-meio-campo-do-real-madrid-e-olha-para-a-premier-league-e-para-medio-portugues\/\" target=\"_blank\" rel=\"noreferrer noopener nofollow\">est\u00e1 atento ao futuro do m\u00e9dio<\/a>. <\/p>\n","protected":false},"excerpt":{"rendered":"&#8211; Advertisement &#8211; O Atl\u00e9tico Madrid quer refor\u00e7ar o plantel. De acordo com o di\u00e1rio Fichajes, Enzo Fern\u00e1ndez&hellip;\n","protected":false},"author":2,"featured_media":153588,"comment_status":"","ping_status":"","sticky":false,"template":"","format":"standard","meta":{"footnotes":""},"categories":[87],"tags":[3171,260,904,135,24353,5705,32,666,33,134],"class_list":{"0":"post-153587","1":"post","2":"type-post","3":"status-publish","4":"format-standard","5":"has-post-thumbnail","7":"category-desporto","8":"tag-atletico-madrid","9":"tag-atualidade","10":"tag-chelsea","11":"tag-desporto","12":"tag-enzo-fernandez","13":"tag-la-liga","14":"tag-portugal","15":"tag-premier-league","16":"tag-pt","17":"tag-sports"},"share_on_mastodon":{"url":"https:\/\/pubeurope.com\/@pt\/115558691891403513","error":""},"_links":{"self":[{"href":"https:\/\/www.europesays.com\/pt\/wp-json\/wp\/v2\/posts\/153587","targetHints":{"allow":["GET"]}}],"collection":[{"href":"https:\/\/www.europesays.com\/pt\/wp-json\/wp\/v2\/posts"}],"about":[{"href":"https:\/\/www.europesays.com\/pt\/wp-json\/wp\/v2\/types\/post"}],"author":[{"embeddable":true,"href":"https:\/\/www.europesays.com\/pt\/wp-json\/wp\/v2\/users\/2"}],"replies":[{"embeddable":true,"href":"https:\/\/www.europesays.com\/pt\/wp-json\/wp\/v2\/comments?post=153587"}],"version-history":[{"count":0,"href":"https:\/\/www.europesays.com\/pt\/wp-json\/wp\/v2\/posts\/153587\/revisions"}],"wp:featuredmedia":[{"embeddable":true,"href":"https:\/\/www.europesays.com\/pt\/wp-json\/wp\/v2\/media\/153588"}],"wp:attachment":[{"href":"https:\/\/www.europesays.com\/pt\/wp-json\/wp\/v2\/media?parent=153587"}],"wp:term":[{"taxonomy":"category","embeddable":true,"href":"https:\/\/www.europesays.com\/pt\/wp-json\/wp\/v2\/categories?post=153587"},{"taxonomy":"post_tag","embeddable":true,"href":"https:\/\/www.europesays.com\/pt\/wp-json\/wp\/v2\/tags?post=153587"}],"curies":[{"name":"wp","href":"https:\/\/api.w.org\/{rel}","templated":true}]}}