{"id":153591,"date":"2025-11-16T09:40:09","date_gmt":"2025-11-16T09:40:09","guid":{"rendered":"https:\/\/www.europesays.com\/pt\/153591\/"},"modified":"2025-11-16T09:40:09","modified_gmt":"2025-11-16T09:40:09","slug":"depressao-claudia-comeca-a-passar-proxima-semana-sera-sem-chuva","status":"publish","type":"post","link":"https:\/\/www.europesays.com\/pt\/153591\/","title":{"rendered":"Depress\u00e3o Cl\u00e1udia come\u00e7a a passar. Pr\u00f3xima semana ser\u00e1 sem chuva"},"content":{"rendered":"<p>                A madrugada deste domingo foi mais calma por todo o pa\u00eds, com menos efeitos da depress\u00e3o Cl\u00e1udia. A Prote\u00e7\u00e3o Civil registou 19 ocorr\u00eancias no total durante esse per\u00edodo, n\u00famero muito inferior \u00e0s duas centenas de pedidos de ajuda da madrugada anterior.<\/p>\n<p>Contactada esta manh\u00e3 pela Antena 1, a Autoridade Nacional de Emerg\u00eancia e Prote\u00e7\u00e3o Civil explicou que a chuva e o vento obrigaram sobretudo \u00e0 limpeza de vias e \u00e0 resposta a inunda\u00e7\u00f5es.<\/p>\n<p>A meteorologia avisa que este domingo ainda vai ficar marcado por aguaceiros fortes, principalmente no litoral norte e centro.<\/p>\n<p>S\u00e3o esperadas trovoadas e fortes rajadas de vento.<\/p>\n<p>O IPMA adiantou por sua vez \u00e0 Antena 1 que o tempo come\u00e7a a melhorar na segunda-feira e que a pr\u00f3xima semana diz adeus \u00e0 chuva, mas vai trazer uma descida das temperaturas.<\/p>\n<p>No s\u00e1bado, uma pessoa morreu e dezenas ficaram feridas ap\u00f3s um fen\u00f3meno de vento extremo em Albufeira, no Algarve, que deixou ainda um rasto de destrui\u00e7\u00e3o. A v\u00edtima mortal foi uma idosa brit\u00e2nica de 85 anos.<\/p>\n<p>A Prote\u00e7\u00e3o Civil contabilizou centenas de ocorr\u00eancias, principalmente inunda\u00e7\u00f5es, queda de \u00e1rvores e de estruturas, a maioria na \u00c1rea Metropolitana do Porto e na regi\u00e3o do Algarve. <\/p>\n<p>Entre as 00h00 e as 18h00 de s\u00e1bado foram registadas 815 ocorr\u00eancias. Mas, se recuarmos at\u00e9 quarta-feira, s\u00e3o quase quatro mil.&#13;\n            <\/p>\n","protected":false},"excerpt":{"rendered":"A madrugada deste domingo foi mais calma por todo o pa\u00eds, com menos efeitos da depress\u00e3o Cl\u00e1udia. A&hellip;\n","protected":false},"author":2,"featured_media":153592,"comment_status":"","ping_status":"","sticky":false,"template":"","format":"standard","meta":{"footnotes":""},"categories":[10],"tags":[27,28,15,16,14,25,26,21,22,12,13,19,20,32,23,24,33,420,421,17,18,29,30,31],"class_list":{"0":"post-153591","1":"post","2":"type-post","3":"status-publish","4":"format-standard","5":"has-post-thumbnail","7":"category-portugal","8":"tag-breaking-news","9":"tag-breakingnews","10":"tag-featured-news","11":"tag-featurednews","12":"tag-headlines","13":"tag-latest-news","14":"tag-latestnews","15":"tag-main-news","16":"tag-mainnews","17":"tag-news","18":"tag-noticias","19":"tag-noticias-principais","20":"tag-noticiasprincipais","21":"tag-portugal","22":"tag-principais-noticias","23":"tag-principaisnoticias","24":"tag-pt","25":"tag-rtp","26":"tag-rtp-noticias","27":"tag-top-stories","28":"tag-topstories","29":"tag-ultimas","30":"tag-ultimas-noticias","31":"tag-ultimasnoticias"},"share_on_mastodon":{"url":"https:\/\/pubeurope.com\/@pt\/115558720125118689","error":""},"_links":{"self":[{"href":"https:\/\/www.europesays.com\/pt\/wp-json\/wp\/v2\/posts\/153591","targetHints":{"allow":["GET"]}}],"collection":[{"href":"https:\/\/www.europesays.com\/pt\/wp-json\/wp\/v2\/posts"}],"about":[{"href":"https:\/\/www.europesays.com\/pt\/wp-json\/wp\/v2\/types\/post"}],"author":[{"embeddable":true,"href":"https:\/\/www.europesays.com\/pt\/wp-json\/wp\/v2\/users\/2"}],"replies":[{"embeddable":true,"href":"https:\/\/www.europesays.com\/pt\/wp-json\/wp\/v2\/comments?post=153591"}],"version-history":[{"count":0,"href":"https:\/\/www.europesays.com\/pt\/wp-json\/wp\/v2\/posts\/153591\/revisions"}],"wp:featuredmedia":[{"embeddable":true,"href":"https:\/\/www.europesays.com\/pt\/wp-json\/wp\/v2\/media\/153592"}],"wp:attachment":[{"href":"https:\/\/www.europesays.com\/pt\/wp-json\/wp\/v2\/media?parent=153591"}],"wp:term":[{"taxonomy":"category","embeddable":true,"href":"https:\/\/www.europesays.com\/pt\/wp-json\/wp\/v2\/categories?post=153591"},{"taxonomy":"post_tag","embeddable":true,"href":"https:\/\/www.europesays.com\/pt\/wp-json\/wp\/v2\/tags?post=153591"}],"curies":[{"name":"wp","href":"https:\/\/api.w.org\/{rel}","templated":true}]}}