{"id":153595,"date":"2025-11-16T09:42:12","date_gmt":"2025-11-16T09:42:12","guid":{"rendered":"https:\/\/www.europesays.com\/pt\/153595\/"},"modified":"2025-11-16T09:42:12","modified_gmt":"2025-11-16T09:42:12","slug":"veja-camarote-em-que-virginia-e-taina-militao-ficaram-durante-o-jogo-da-selecao-brasileira-em-londres","status":"publish","type":"post","link":"https:\/\/www.europesays.com\/pt\/153595\/","title":{"rendered":"Veja camarote em que Virginia e Tain\u00e1 Milit\u00e3o ficaram durante o jogo da sele\u00e7\u00e3o brasileira em Londres"},"content":{"rendered":"\n<p class=\" content-text__container theme-color-primary-first-letter\" data-track-category=\"Link no Texto\" data-track-links=\"\"> <a class=\"\" href=\"https:\/\/revistaquem.globo.com\/famoso\/virginia-fonseca\/\" rel=\"nofollow noopener\" target=\"_blank\">Virginia Fonseca<\/a>, de 26 anos de idade, e <a class=\"\" href=\"https:\/\/revistaquem.globo.com\/famoso\/taina-castro\/\" rel=\"nofollow noopener\" target=\"_blank\">Tain\u00e1 Milit\u00e3o<\/a> viajaram para Londres, na Inglaterra, para acompanhar os amados no jogo da sele\u00e7\u00e3o brasileira neste s\u00e1bado (15), contra o Senegal. Em suas redes sociais, a esposa de <a class=\"\" href=\"https:\/\/revistaquem.globo.com\/famoso\/eder-militao\/\" rel=\"nofollow noopener\" target=\"_blank\">Eder Milit\u00e3o<\/a> compartilhou um pouco dos bastidores da torcida e mostrou que ela e Virginia estavam dividindo o mesmo camarote. Virginia \u00e9 namorada do jogador <a class=\"\" href=\"https:\/\/revistaquem.globo.com\/famoso\/vini-jr\/\" rel=\"nofollow noopener\" target=\"_blank\">Vini Jr.<\/a>, de 25 anos. <\/p>\n","protected":false},"excerpt":{"rendered":"Virginia Fonseca, de 26 anos de idade, e Tain\u00e1 Milit\u00e3o viajaram para Londres, na Inglaterra, para acompanhar os&hellip;\n","protected":false},"author":2,"featured_media":153596,"comment_status":"","ping_status":"","sticky":false,"template":"","format":"standard","meta":{"footnotes":""},"categories":[145],"tags":[211,210,1648,114,115,32,33,27530,3126,1446],"class_list":{"0":"post-153595","1":"post","2":"type-post","3":"status-publish","4":"format-standard","5":"has-post-thumbnail","7":"category-celebridades","8":"tag-celebridades","9":"tag-celebrities","10":"tag-eder-militao","11":"tag-entertainment","12":"tag-entretenimento","13":"tag-portugal","14":"tag-pt","15":"tag-taina-militao","16":"tag-vini-jr","17":"tag-virginia-fonseca"},"share_on_mastodon":{"url":"","error":""},"_links":{"self":[{"href":"https:\/\/www.europesays.com\/pt\/wp-json\/wp\/v2\/posts\/153595","targetHints":{"allow":["GET"]}}],"collection":[{"href":"https:\/\/www.europesays.com\/pt\/wp-json\/wp\/v2\/posts"}],"about":[{"href":"https:\/\/www.europesays.com\/pt\/wp-json\/wp\/v2\/types\/post"}],"author":[{"embeddable":true,"href":"https:\/\/www.europesays.com\/pt\/wp-json\/wp\/v2\/users\/2"}],"replies":[{"embeddable":true,"href":"https:\/\/www.europesays.com\/pt\/wp-json\/wp\/v2\/comments?post=153595"}],"version-history":[{"count":0,"href":"https:\/\/www.europesays.com\/pt\/wp-json\/wp\/v2\/posts\/153595\/revisions"}],"wp:featuredmedia":[{"embeddable":true,"href":"https:\/\/www.europesays.com\/pt\/wp-json\/wp\/v2\/media\/153596"}],"wp:attachment":[{"href":"https:\/\/www.europesays.com\/pt\/wp-json\/wp\/v2\/media?parent=153595"}],"wp:term":[{"taxonomy":"category","embeddable":true,"href":"https:\/\/www.europesays.com\/pt\/wp-json\/wp\/v2\/categories?post=153595"},{"taxonomy":"post_tag","embeddable":true,"href":"https:\/\/www.europesays.com\/pt\/wp-json\/wp\/v2\/tags?post=153595"}],"curies":[{"name":"wp","href":"https:\/\/api.w.org\/{rel}","templated":true}]}}