{"id":153597,"date":"2025-11-16T09:45:24","date_gmt":"2025-11-16T09:45:24","guid":{"rendered":"https:\/\/www.europesays.com\/pt\/153597\/"},"modified":"2025-11-16T09:45:24","modified_gmt":"2025-11-16T09:45:24","slug":"a-protegida-sanjay-salvou-a-vida-a-paz-novelas","status":"publish","type":"post","link":"https:\/\/www.europesays.com\/pt\/153597\/","title":{"rendered":"A Protegida: Sanjay salvou a vida a paz &#8211; Novelas"},"content":{"rendered":"<p>Em \u00abA Protegida\u00bb, Rui (Daniel Viana) revela que j\u00e1 sabe que Sanjay (M\u00e1rio Oliveira) foi o dador de Paz (Aline Neves) e quer saber porque pediu anonimato. Sanjay explica que Paz lhe pediu para se afastar, para que Rui e Margarida (In\u00eas Her\u00e9dia) se entendessem. Rui pergunta se tamb\u00e9m tem sido Sanjay que tem enviado os presentes e ele diz que sim. Sanjay confessa que ama Margarida, mas n\u00e3o pode destruir a fam\u00edlia de Paz.<\/p>\n","protected":false},"excerpt":{"rendered":"Em \u00abA Protegida\u00bb, Rui (Daniel Viana) revela que j\u00e1 sabe que Sanjay (M\u00e1rio Oliveira) foi o dador de&hellip;\n","protected":false},"author":2,"featured_media":153598,"comment_status":"","ping_status":"","sticky":false,"template":"","format":"standard","meta":{"footnotes":""},"categories":[142],"tags":[168,160,166,114,115,157,167,164,161,158,165,159,32,33,156,163,151,162],"class_list":{"0":"post-153597","1":"post","2":"type-post","3":"status-publish","4":"format-standard","5":"has-post-thumbnail","7":"category-tv","8":"tag-a-protegida","9":"tag-ana-guiomar","10":"tag-cristina-ferreira","11":"tag-entertainment","12":"tag-entretenimento","13":"tag-festa-e-festa","14":"tag-ficcao","15":"tag-jose-fidalgo","16":"tag-novelas","17":"tag-para-sempre","18":"tag-pedro-sousa","19":"tag-pedro-teixeira","20":"tag-portugal","21":"tag-pt","22":"tag-queridos-papas","23":"tag-tiago-teotonio-pereira","24":"tag-tv","25":"tag-tvi"},"share_on_mastodon":{"url":"https:\/\/pubeurope.com\/@pt\/115558739020914663","error":""},"_links":{"self":[{"href":"https:\/\/www.europesays.com\/pt\/wp-json\/wp\/v2\/posts\/153597","targetHints":{"allow":["GET"]}}],"collection":[{"href":"https:\/\/www.europesays.com\/pt\/wp-json\/wp\/v2\/posts"}],"about":[{"href":"https:\/\/www.europesays.com\/pt\/wp-json\/wp\/v2\/types\/post"}],"author":[{"embeddable":true,"href":"https:\/\/www.europesays.com\/pt\/wp-json\/wp\/v2\/users\/2"}],"replies":[{"embeddable":true,"href":"https:\/\/www.europesays.com\/pt\/wp-json\/wp\/v2\/comments?post=153597"}],"version-history":[{"count":0,"href":"https:\/\/www.europesays.com\/pt\/wp-json\/wp\/v2\/posts\/153597\/revisions"}],"wp:featuredmedia":[{"embeddable":true,"href":"https:\/\/www.europesays.com\/pt\/wp-json\/wp\/v2\/media\/153598"}],"wp:attachment":[{"href":"https:\/\/www.europesays.com\/pt\/wp-json\/wp\/v2\/media?parent=153597"}],"wp:term":[{"taxonomy":"category","embeddable":true,"href":"https:\/\/www.europesays.com\/pt\/wp-json\/wp\/v2\/categories?post=153597"},{"taxonomy":"post_tag","embeddable":true,"href":"https:\/\/www.europesays.com\/pt\/wp-json\/wp\/v2\/tags?post=153597"}],"curies":[{"name":"wp","href":"https:\/\/api.w.org\/{rel}","templated":true}]}}