{"id":153605,"date":"2025-11-16T09:58:36","date_gmt":"2025-11-16T09:58:36","guid":{"rendered":"https:\/\/www.europesays.com\/pt\/153605\/"},"modified":"2025-11-16T09:58:36","modified_gmt":"2025-11-16T09:58:36","slug":"portugal-vence-belgica-e-esta-nos-oitavos-de-final-do-mundial-sub-17-sub17","status":"publish","type":"post","link":"https:\/\/www.europesays.com\/pt\/153605\/","title":{"rendered":"Portugal vence B\u00e9lgica e est\u00e1 nos oitavos de final do Mundial Sub-17 &#8211; Sub17"},"content":{"rendered":"<p>                            &#13;<br \/>\n                                Os onzes de Portugal e B\u00e9lgica&#13;<\/p>\n<p class=\" timeline-editorial__card__text\">&#13;<br \/>\n        <b>ONZE DE PORTUGAL: <\/b>Rom\u00e1rio Cunha, Jos\u00e9 Neto, Mauro Furtado, Martim Chelmik, Daniel Banjaqui, Rafael Quintas, Bernardo Lima, Tom\u00e1s Soares, Steven Manuel, Duarte Cunha e An\u00edsio Cabral&#13;\n    <\/p>\n<p class=\" timeline-editorial__card__text\">&#13;<br \/>\n        Suplentes: Alex Tverdohlebov, David Rodrigues, Gabriel Dbouk, Yoan Pereira, Ricardo Neto, Santiago Verdi, Zeega, Miguel Figueiredo, Jo\u00e3o Arag\u00e3o e  Mateus Mide&#13;\n    <\/p>\n<p class=\" timeline-editorial__card__text\">&#13;<br \/>\n        <b>ONZE DA B\u00c9LGICA: <\/b>Lucca Brughamans, Arthur De Kimpe, Brent Jonkers, Jorthy Mokio, Nathan de Cat, Noah Fernandez, Wout Gielen, Axl Wins, Ali Camara, Rene Mitongo e Mohammed El Adfaoui&#13;\n    <\/p>\n<p class=\" timeline-editorial__card__text\">&#13;<br \/>\n        Suplentes: Bas Evers, Martin Henrion, Lucca Darcon, Pablo Capilla Rivera, Daan Braspenning, Jessi da Silva, Jesse Bisiwu, Loic Alvarez e  Stan Naert&#13;\n    <\/p>\n","protected":false},"excerpt":{"rendered":"&#13; Os onzes de Portugal e B\u00e9lgica&#13; &#13; ONZE DE PORTUGAL: Rom\u00e1rio Cunha, Jos\u00e9 Neto, Mauro Furtado, Martim&hellip;\n","protected":false},"author":2,"featured_media":153606,"comment_status":"","ping_status":"","sticky":false,"template":"","format":"standard","meta":{"footnotes":""},"categories":[8],"tags":[27,28,15,16,14,25,26,21,22,12,13,19,20,32,23,24,33,17,18,29,30,31],"class_list":{"0":"post-153605","1":"post","2":"type-post","3":"status-publish","4":"format-standard","5":"has-post-thumbnail","7":"category-principais-noticias","8":"tag-breaking-news","9":"tag-breakingnews","10":"tag-featured-news","11":"tag-featurednews","12":"tag-headlines","13":"tag-latest-news","14":"tag-latestnews","15":"tag-main-news","16":"tag-mainnews","17":"tag-news","18":"tag-noticias","19":"tag-noticias-principais","20":"tag-noticiasprincipais","21":"tag-portugal","22":"tag-principais-noticias","23":"tag-principaisnoticias","24":"tag-pt","25":"tag-top-stories","26":"tag-topstories","27":"tag-ultimas","28":"tag-ultimas-noticias","29":"tag-ultimasnoticias"},"share_on_mastodon":{"url":"https:\/\/pubeurope.com\/@pt\/115558790399142418","error":""},"_links":{"self":[{"href":"https:\/\/www.europesays.com\/pt\/wp-json\/wp\/v2\/posts\/153605","targetHints":{"allow":["GET"]}}],"collection":[{"href":"https:\/\/www.europesays.com\/pt\/wp-json\/wp\/v2\/posts"}],"about":[{"href":"https:\/\/www.europesays.com\/pt\/wp-json\/wp\/v2\/types\/post"}],"author":[{"embeddable":true,"href":"https:\/\/www.europesays.com\/pt\/wp-json\/wp\/v2\/users\/2"}],"replies":[{"embeddable":true,"href":"https:\/\/www.europesays.com\/pt\/wp-json\/wp\/v2\/comments?post=153605"}],"version-history":[{"count":0,"href":"https:\/\/www.europesays.com\/pt\/wp-json\/wp\/v2\/posts\/153605\/revisions"}],"wp:featuredmedia":[{"embeddable":true,"href":"https:\/\/www.europesays.com\/pt\/wp-json\/wp\/v2\/media\/153606"}],"wp:attachment":[{"href":"https:\/\/www.europesays.com\/pt\/wp-json\/wp\/v2\/media?parent=153605"}],"wp:term":[{"taxonomy":"category","embeddable":true,"href":"https:\/\/www.europesays.com\/pt\/wp-json\/wp\/v2\/categories?post=153605"},{"taxonomy":"post_tag","embeddable":true,"href":"https:\/\/www.europesays.com\/pt\/wp-json\/wp\/v2\/tags?post=153605"}],"curies":[{"name":"wp","href":"https:\/\/api.w.org\/{rel}","templated":true}]}}