{"id":153613,"date":"2025-11-16T10:10:26","date_gmt":"2025-11-16T10:10:26","guid":{"rendered":"https:\/\/www.europesays.com\/pt\/153613\/"},"modified":"2025-11-16T10:10:26","modified_gmt":"2025-11-16T10:10:26","slug":"ventos-de-330-km-h-tornado-tornou-cidade-num-cemiterio-de-carros-no-brasil","status":"publish","type":"post","link":"https:\/\/www.europesays.com\/pt\/153613\/","title":{"rendered":"Ventos de 330 km\/h. Tornado tornou cidade num &#8220;cemit\u00e9rio&#8221; de carros no Brasil"},"content":{"rendered":"<p class=\"wp-caption-text top\"><a href=\"https:\/\/www.parana.pr.gov.br\/aen\/Noticia\/Estado-vai-liberar-R-50-milhoes-de-Fundo-de-Calamidade-para-reconstrucao-de-Rio-Bonito\" rel=\"nofollow external noopener noreferrer\" data-wpel-link=\"external\" target=\"_blank\" class=\"ext-link\">Governo do Paran\u00e1<\/a><\/p>\n<p><img decoding=\"async\" loading=\"lazy\" class=\"wp-image-711478 size-kopa-image-size-3\" src=\"https:\/\/www.europesays.com\/pt\/wp-content\/uploads\/2025\/11\/dddc26b1e9fcc57b35b5ac8d3c841bb9-783x450.jpg\" alt=\"\" width=\"700\" height=\"402\"  \/><\/p>\n<p class=\"wp-caption-text bot\">Munic\u00edpio de Rio Bonito do Igua\u00e7u foi atingido por um violento tornado na semana passada, 7 de novembro.<\/p>\n<p><strong>Mem\u00f3rias da cat\u00e1strofe de Rio Grande do Sul chegaram com for\u00e7a a Rio Bonito do Igua\u00e7u. Carros entalados amea\u00e7am a \u00e1gua da regi\u00e3o e est\u00e1 tudo \u00e0 espera das seguradoras.<br \/><\/strong><\/p>\n<p>Nem os autom\u00f3veis escaparam da devasta\u00e7\u00e3o deixada pelo tornado que atingiu Rio Bonito do Igua\u00e7u, no Paran\u00e1, Brasil, na semana passada.<\/p>\n<p>Os <strong>ventos de 330 km\/h<\/strong> foram mais do que suficientes para esmagar e at\u00e9 empilhar ve\u00edculos abandonados na cidade, que acabaram por se tornar parte da paisagem de destrui\u00e7\u00e3o.<\/p>\n<blockquote class=\"twitter-tweet\">\n<p dir=\"ltr\" lang=\"pt\">No v\u00eddeo registrado dentro de uma cabine de colheitadeira, \u00e9 poss\u00edvel observar o instante em que um tornado atinge Rio Bonito do Igua\u00e7u, no Paran\u00e1, na tarde de 7 de novembro de 2025.<br \/>\u27a1\ufe0f<a href=\"https:\/\/t.co\/np71NXTfwC\" data-wpel-link=\"external\" target=\"_blank\" rel=\"nofollow external noopener noreferrer\" class=\"ext-link\">https:\/\/t.co\/np71NXTfwC<\/a> <a href=\"https:\/\/t.co\/8K37wycqrw\" data-wpel-link=\"external\" target=\"_blank\" rel=\"nofollow external noopener noreferrer\" class=\"ext-link\">pic.twitter.com\/8K37wycqrw<\/a><\/p>\n<p>\u2014 Jornal O Sul (@OSul_noticias) <a href=\"https:\/\/twitter.com\/OSul_noticias\/status\/1987190432531439792?ref_src=twsrc%5Etfw\" data-wpel-link=\"external\" target=\"_blank\" rel=\"nofollow external noopener noreferrer\" class=\"ext-link\">November 8, 2025<\/a><\/p>\n<\/blockquote>\n<p>Para al\u00e9m dos danos estruturais causados pelo fen\u00f3meno, o \u201ccemit\u00e9rio\u201d de carros levantou uma s\u00e9rie de preocupa\u00e7\u00f5es. Isto porque os fluidos dos ve\u00edculos, como o \u00f3leo do motor, a gasolina e os l\u00edquidos das baterias, podem vazar e contaminar o solo e a \u00e1gua, agravando ainda mais a crise naquela regi\u00e3o.<\/p>\n<p>A cidade nem precisa de especular: basta recordar as cheias que <a href=\"https:\/\/zap.aeiou.pt\/83-mortos-850-mil-afetados-milhares-a-espera-de-resgate-desespero-nas-cheias-do-brasil-600097\" data-wpel-link=\"internal\" rel=\"nofollow noopener\" target=\"_blank\">atingiram<\/a> o Rio Grande do Sul em 2024, quando mais de 200 mil autom\u00f3veis foram afetados. A demora na recolha, combinada com a enorme lista de urg\u00eancias, resultou em ve\u00edculos a apodrecer ao ar livre pelas ruas da cidade.<\/p>\n<p>At\u00e9 ao momento, o governo estadual n\u00e3o disp\u00f5e de estimativas oficiais sobre quantos ve\u00edculos foram destru\u00eddos, nem identificou risco de contamina\u00e7\u00e3o ambiental. Contudo, se o processo seguir a l\u00f3gica do Rio Grande do Sul, <strong>o primeiro passo dever\u00e1 partir das seguradoras<\/strong>, que ter\u00e3o de classificar os ve\u00edculos entre os que podem ser reparados e os que sofreram \u201cperda total\u201d.<\/p>\n<p>Os autom\u00f3veis que sofreram danos irrevers\u00edveis devem ser encaminhados para desmantelamento, a fim de reaproveitar quaisquer pe\u00e7as e materiais recicl\u00e1veis, enquanto aqueles abandonados ou demasiado danificados, e n\u00e3o recuperados pelos seus propriet\u00e1rios, podem seguir para leil\u00e3o.<\/p>\n<p>Claro que, neste momento, a prioridade no Paran\u00e1 \u00e9 o socorro e a reconstru\u00e7\u00e3o das estruturas urbanas, tanto que o governador do estado j\u00e1 sancionou uma lei que permite o repasse direto de at\u00e9 50 mil reais (cerca de 8125 euros) \u00e0s fam\u00edlias afetadas.<\/p>\n<p>    <a href=\"https:\/\/zap.aeiou.pt\/subscrever-newsletter\" data-wpel-link=\"internal\" rel=\"nofollow noopener\" target=\"_blank\">&#13;<br \/>\n        <img loading=\"lazy\" decoding=\"async\" class=\"aligncenter size-full wp-image-575475\" src=\"https:\/\/www.europesays.com\/pt\/wp-content\/uploads\/2025\/11\/2d51fe4a0ba54894421ead1809309ed9-1-450x140.jpg\" alt=\"Subscreva a Newsletter ZAP\" width=\"450\" height=\"140\"\/>&#13;<br \/>\n    <\/a><\/p>\n<p>                <a href=\"https:\/\/whatsapp.com\/channel\/0029VaIC4EE2f3EJZPPSbR34\" data-wpel-link=\"external\" target=\"_blank\" rel=\"nofollow external noopener noreferrer\" class=\"ext-link\">&#13;<br \/>\n                    <img loading=\"lazy\" decoding=\"async\" class=\"aligncenter size-full wp-image-575475\" src=\"https:\/\/www.europesays.com\/pt\/wp-content\/uploads\/2025\/11\/c68c559d956d4ca20f435ed74a6e71e6.png\" alt=\"Siga-nos no WhatsApp\" width=\"175\" height=\"64\"\/>&#13;<br \/>\n                <\/a><\/p>\n<p>                <a href=\"https:\/\/news.google.com\/publications\/CAAiEHRwZondIV71PDjWNoqMduEqFAgKIhB0cGaJ3SFe9Tw41jaKjHbh?hl=en-US&amp;gl=US&amp;ceid=US%3Aen\" data-wpel-link=\"external\" target=\"_blank\" rel=\"nofollow external noopener noreferrer\" class=\"ext-link\">&#13;<br \/>\n                    <img loading=\"lazy\" decoding=\"async\" class=\"aligncenter size-full wp-image-575475\" src=\"https:\/\/www.europesays.com\/pt\/wp-content\/uploads\/2025\/11\/5123dd8b087b644fdb8f8603acd1bad4.png\" alt=\"Siga-nos no Google News\" width=\"176\" height=\"64\"\/>&#13;<br \/>\n                <\/a><\/p>\n<p>                <script async src=\"https:\/\/platform.twitter.com\/widgets.js\" charset=\"utf-8\"><\/script><\/p>\n","protected":false},"excerpt":{"rendered":"Governo do Paran\u00e1 Munic\u00edpio de Rio Bonito do Igua\u00e7u foi atingido por um violento tornado na semana passada,&hellip;\n","protected":false},"author":2,"featured_media":153614,"comment_status":"","ping_status":"","sticky":false,"template":"","format":"standard","meta":{"footnotes":""},"categories":[50],"tags":[964,2702,726,27,28,15,16,14,25,26,21,22,606,62,12,13,19,20,23,24,58,17,18,29,30,31,63,64,65],"class_list":{"0":"post-153613","1":"post","2":"type-post","3":"status-publish","4":"format-standard","5":"has-post-thumbnail","7":"category-mundo","8":"tag-ambiente","9":"tag-auto","10":"tag-brasil","11":"tag-breaking-news","12":"tag-breakingnews","13":"tag-featured-news","14":"tag-featurednews","15":"tag-headlines","16":"tag-latest-news","17":"tag-latestnews","18":"tag-main-news","19":"tag-mainnews","20":"tag-meteorologia","21":"tag-mundo","22":"tag-news","23":"tag-noticias","24":"tag-noticias-principais","25":"tag-noticiasprincipais","26":"tag-principais-noticias","27":"tag-principaisnoticias","28":"tag-sociedade","29":"tag-top-stories","30":"tag-topstories","31":"tag-ultimas","32":"tag-ultimas-noticias","33":"tag-ultimasnoticias","34":"tag-world","35":"tag-world-news","36":"tag-worldnews"},"share_on_mastodon":{"url":"https:\/\/pubeurope.com\/@pt\/115558837728897543","error":""},"_links":{"self":[{"href":"https:\/\/www.europesays.com\/pt\/wp-json\/wp\/v2\/posts\/153613","targetHints":{"allow":["GET"]}}],"collection":[{"href":"https:\/\/www.europesays.com\/pt\/wp-json\/wp\/v2\/posts"}],"about":[{"href":"https:\/\/www.europesays.com\/pt\/wp-json\/wp\/v2\/types\/post"}],"author":[{"embeddable":true,"href":"https:\/\/www.europesays.com\/pt\/wp-json\/wp\/v2\/users\/2"}],"replies":[{"embeddable":true,"href":"https:\/\/www.europesays.com\/pt\/wp-json\/wp\/v2\/comments?post=153613"}],"version-history":[{"count":0,"href":"https:\/\/www.europesays.com\/pt\/wp-json\/wp\/v2\/posts\/153613\/revisions"}],"wp:featuredmedia":[{"embeddable":true,"href":"https:\/\/www.europesays.com\/pt\/wp-json\/wp\/v2\/media\/153614"}],"wp:attachment":[{"href":"https:\/\/www.europesays.com\/pt\/wp-json\/wp\/v2\/media?parent=153613"}],"wp:term":[{"taxonomy":"category","embeddable":true,"href":"https:\/\/www.europesays.com\/pt\/wp-json\/wp\/v2\/categories?post=153613"},{"taxonomy":"post_tag","embeddable":true,"href":"https:\/\/www.europesays.com\/pt\/wp-json\/wp\/v2\/tags?post=153613"}],"curies":[{"name":"wp","href":"https:\/\/api.w.org\/{rel}","templated":true}]}}