{"id":153615,"date":"2025-11-16T10:11:18","date_gmt":"2025-11-16T10:11:18","guid":{"rendered":"https:\/\/www.europesays.com\/pt\/153615\/"},"modified":"2025-11-16T10:11:18","modified_gmt":"2025-11-16T10:11:18","slug":"aniversario-da-mesquita-central-de-lisboa-marcelo-apela-a-colaboracao-das-varias-comunidades","status":"publish","type":"post","link":"https:\/\/www.europesays.com\/pt\/153615\/","title":{"rendered":"Anivers\u00e1rio da Mesquita Central de Lisboa. Marcelo apela \u00e0 &#8220;colabora\u00e7\u00e3o das v\u00e1rias comunidades&#8221;"},"content":{"rendered":"<p>                <b>&#8220;Esta Mesquita Central foi a primeira grande mesquita que nasceu em Portugal e surgiu da iniciativa de compatriotas nossos, que vieram de \u00c1frica&#8221;<\/b>, come\u00e7ou por recordar o presidente da Rep\u00fablica.<\/p>\n<p>O objetivo era que fosse n\u00e3o s\u00f3 um &#8220;centro religioso&#8221; mas tamb\u00e9m &#8220;um ponto de encontro e um centro cultural&#8221;.<b> E \u00e9 muito importante, na \u00f3tima de Marcelo, porque &#8220;tem sido um ponto a partir do qual a comunidade isl\u00e2mica tem estado em contacto com outras comunidades religiosas&#8221;.<\/b><\/p>\n<p>&#8220;A colabora\u00e7\u00e3o entre essas comunidades (&#8230;) \u00e9 importante que aconte\u00e7a, porque faz parte do di\u00e1logo da toler\u00e2ncia, essencial numa sociedade democr\u00e1tica e livre&#8221;.<\/p>\n<p>O presidente da Rep\u00fablica considerou ainda, aos jornalistas, que <b>&#8220;a liberdade religiosa e a toler\u00e2ncia religiosa s\u00e3o muito importantes&#8221;, at\u00e9 porque entre os portugueses h\u00e1 muitos &#8220;que n\u00e3o s\u00e3o religiosos&#8221; e outros que s\u00e3o.<\/b><\/p>\n<p>Questionado sobre o discurso de \u00f3dio, na sociedade atual, <b>Marcelo referiu que n\u00e3o usa &#8220;muito essa express\u00e3o&#8221; e admitiu que em alguns pa\u00edses &#8220;o di\u00e1logo ecum\u00e9nico tenha sido mais intenso em certos momentos&#8221;.<\/b><br \/>&#13;\n<\/p>\n<p>          <img decoding=\"async\" itemprop=\"image\" class=\"img-fluid\"   src=\"https:\/\/www.europesays.com\/pt\/wp-content\/uploads\/2025\/11\/fd447361c758cd51c46a23f540d69738_N.jpg\"\/><\/p>\n<p>\nJ\u00e1 no caso portugu\u00eas, &#8220;as a\u00e7\u00f5es sociais continuam&#8221;.<\/p>\n<p>&#13;<br \/>\n<b>&#8220;Desde o momento em que h\u00e1 problemas comuns (&#8230;) \u00e9 preciso atuar em conjunto. E as autarquias precisam da colabora\u00e7\u00e3o das v\u00e1rias comunidades&#8221;<\/b>, argumentou.&#13;\n<\/p>\n<p>Durante a cerim\u00f3nia, o presidente da Rep\u00fablica discursou e disse que o pa\u00eds ficou sempre mais pequeno quando rejeitou o di\u00e1logo entre as religi\u00f5es. <\/p>\n<p>          <img decoding=\"async\" itemprop=\"image\" class=\"img-fluid\"   src=\"https:\/\/www.europesays.com\/pt\/wp-content\/uploads\/2025\/11\/53c0e388263ae43334674bd8052ee95f_N.jpg\"\/><\/p>\n<p>\nDe visita \u00e0 Mesquita Central de Lisboa, Marcelo Rebelo de Sousa reafirmou que a comunidade mu\u00e7ulmana \u00e9 parte importante de Portugal, e enriquece o pa\u00eds. <\/p>\n","protected":false},"excerpt":{"rendered":"&#8220;Esta Mesquita Central foi a primeira grande mesquita que nasceu em Portugal e surgiu da iniciativa de compatriotas&hellip;\n","protected":false},"author":2,"featured_media":153616,"comment_status":"","ping_status":"","sticky":false,"template":"","format":"standard","meta":{"footnotes":""},"categories":[10],"tags":[27,28,15,16,14,25,26,21,22,12,13,19,20,32,23,24,33,420,421,17,18,29,30,31],"class_list":{"0":"post-153615","1":"post","2":"type-post","3":"status-publish","4":"format-standard","5":"has-post-thumbnail","7":"category-portugal","8":"tag-breaking-news","9":"tag-breakingnews","10":"tag-featured-news","11":"tag-featurednews","12":"tag-headlines","13":"tag-latest-news","14":"tag-latestnews","15":"tag-main-news","16":"tag-mainnews","17":"tag-news","18":"tag-noticias","19":"tag-noticias-principais","20":"tag-noticiasprincipais","21":"tag-portugal","22":"tag-principais-noticias","23":"tag-principaisnoticias","24":"tag-pt","25":"tag-rtp","26":"tag-rtp-noticias","27":"tag-top-stories","28":"tag-topstories","29":"tag-ultimas","30":"tag-ultimas-noticias","31":"tag-ultimasnoticias"},"share_on_mastodon":{"url":"https:\/\/pubeurope.com\/@pt\/115558841381625381","error":""},"_links":{"self":[{"href":"https:\/\/www.europesays.com\/pt\/wp-json\/wp\/v2\/posts\/153615","targetHints":{"allow":["GET"]}}],"collection":[{"href":"https:\/\/www.europesays.com\/pt\/wp-json\/wp\/v2\/posts"}],"about":[{"href":"https:\/\/www.europesays.com\/pt\/wp-json\/wp\/v2\/types\/post"}],"author":[{"embeddable":true,"href":"https:\/\/www.europesays.com\/pt\/wp-json\/wp\/v2\/users\/2"}],"replies":[{"embeddable":true,"href":"https:\/\/www.europesays.com\/pt\/wp-json\/wp\/v2\/comments?post=153615"}],"version-history":[{"count":0,"href":"https:\/\/www.europesays.com\/pt\/wp-json\/wp\/v2\/posts\/153615\/revisions"}],"wp:featuredmedia":[{"embeddable":true,"href":"https:\/\/www.europesays.com\/pt\/wp-json\/wp\/v2\/media\/153616"}],"wp:attachment":[{"href":"https:\/\/www.europesays.com\/pt\/wp-json\/wp\/v2\/media?parent=153615"}],"wp:term":[{"taxonomy":"category","embeddable":true,"href":"https:\/\/www.europesays.com\/pt\/wp-json\/wp\/v2\/categories?post=153615"},{"taxonomy":"post_tag","embeddable":true,"href":"https:\/\/www.europesays.com\/pt\/wp-json\/wp\/v2\/tags?post=153615"}],"curies":[{"name":"wp","href":"https:\/\/api.w.org\/{rel}","templated":true}]}}