{"id":153622,"date":"2025-11-16T10:28:16","date_gmt":"2025-11-16T10:28:16","guid":{"rendered":"https:\/\/www.europesays.com\/pt\/153622\/"},"modified":"2025-11-16T10:28:16","modified_gmt":"2025-11-16T10:28:16","slug":"sacha-bali-aceita-desafio-para-enfrentar-whindersson-nunes-no-fms","status":"publish","type":"post","link":"https:\/\/www.europesays.com\/pt\/153622\/","title":{"rendered":"Sacha Bali aceita desafio para enfrentar Whindersson Nunes no FMS"},"content":{"rendered":"<p class=\"w-full text-lg font-krub text-gray-500 leading-30\">Campe\u00e3o no <strong class=\"font-bold\">Fight Music Show<\/strong> 7, <strong class=\"font-bold\">Sacha Bali<\/strong> aceitou o desafio de <strong class=\"font-bold\">Whindersson Nunes<\/strong>, para encar\u00e1-lo na pr\u00f3xima edi\u00e7\u00e3o do evento. O ator de 44 anos, que conquistou o cintur\u00e3o ap\u00f3s vencer o ex-BBB Davi Brito, falou sobre o poss\u00edvel confronto contra o humorista.<\/p>\n<p>continua ap\u00f3s a publicidade<\/p>\n<p class=\"w-full text-lg font-krub text-gray-500 leading-30\"><strong class=\"font-bold\"><a href=\"https:\/\/www.lance.com.br\/lutas\/dana-white-define-proximo-desafiante-ao-cinturao-dos-meio-medios-no-ufc.html\" class=\"font-bold break-normal hover:underline\" style=\"color:var(--green-lance)\" rel=\"nofollow noopener\" target=\"_blank\">\u27a1\ufe0fDana White define pr\u00f3ximo desafiante ao cintur\u00e3o dos meio-m\u00e9dios no UFC<\/a><\/strong><\/p>\n<p class=\"w-full text-lg font-krub text-gray-500 leading-30\">\u2014 Whindersson Nunes, seu desafio foi aceito e o cintur\u00e3o est\u00e1 aqui esperando voc\u00ea vir buscar. Eu sei que voc\u00ea j\u00e1 \u00e9 um profissional do boxe, treina h\u00e1 muitos anos e j\u00e1 est\u00e1 fazendo a sua prepara\u00e7\u00e3o para a luta, enquanto eu comecei tem pouco tempo, sou bem mais velho que voc\u00ea e preciso trabalhar muito para te enfrentar. S\u00f3 que o que eu tenho de sobra \u00e9 foco, determina\u00e7\u00e3o, coragem e f\u00e9 \u2014 afirmou Sacha.<\/p>\n<p class=\"w-full text-lg font-krub text-gray-500 leading-30\">Poucas horas ap\u00f3s a vit\u00f3ria de Sacha no s\u00e9timo evento da organiza\u00e7\u00e3o, Whindersson foi \u00e0s redes sociais desafiar o ator, que prontamente respondeu que precisaria de um tempo para treinar.<\/p>\n<p>continua ap\u00f3s a publicidade<\/p>\n<p class=\"w-full text-lg font-krub text-gray-500 leading-30\">Esta n\u00e3o seria a primeira vez de Nunes no ringue do Fight Music Show \u2014 o humorista enfrentou Pop\u00f3 Freitas na luta principal na primeira edi\u00e7\u00e3o do evento. Al\u00e9m disso, Whindersson fez mais tr\u00eas lutas de exibi\u00e7\u00e3o e, em novembro de 2024, foi derrotado por Neeraj Goyat, em sua estreia lutando profissionalmente.<\/p>\n<p class=\"w-full text-lg font-krub text-gray-500 leading-30\"><strong class=\"font-bold\">\u27a1\ufe0f<a href=\"https:\/\/whatsapp.com\/channel\/0029VbBJO956mYPHHY7fv72H\" class=\"font-bold break-normal hover:underline\" style=\"color:var(--green-lance)\" target=\"_blank\" rel=\"nofollow noopener\">Tudo sobre Lutas agora no WhatsApp. Siga o nosso novo canal Lance! Lutas<\/a><\/strong><\/p>\n<p><img alt=\"Whindersson Nunes - Neeraj Goyat - Boxe\" loading=\"lazy\" width=\"850\" height=\"530\" decoding=\"async\" data-nimg=\"1\" class=\"w-full rounded-lg \" style=\"color:transparent\" src=\"https:\/\/www.europesays.com\/pt\/wp-content\/uploads\/2025\/11\/Whindersson-Nunes-Neeraj-Goyat-Boxe-3-1920x1280.jpg\"\/>Whindersson Nunes durante luta contra Neeraj Goyat (Foto: Christian Petersen\/AFP)<\/p>\n","protected":false},"excerpt":{"rendered":"Campe\u00e3o no Fight Music Show 7, Sacha Bali aceitou o desafio de Whindersson Nunes, para encar\u00e1-lo na pr\u00f3xima&hellip;\n","protected":false},"author":2,"featured_media":153623,"comment_status":"","ping_status":"","sticky":false,"template":"","format":"standard","meta":{"footnotes":""},"categories":[145],"tags":[5282,211,210,114,115,22754,32,33,4903],"class_list":{"0":"post-153622","1":"post","2":"type-post","3":"status-publish","4":"format-standard","5":"has-post-thumbnail","7":"category-celebridades","8":"tag-boxe","9":"tag-celebridades","10":"tag-celebrities","11":"tag-entertainment","12":"tag-entretenimento","13":"tag-lutas","14":"tag-portugal","15":"tag-pt","16":"tag-whindersson-nunes"},"share_on_mastodon":{"url":"https:\/\/pubeurope.com\/@pt\/115558908406401242","error":""},"_links":{"self":[{"href":"https:\/\/www.europesays.com\/pt\/wp-json\/wp\/v2\/posts\/153622","targetHints":{"allow":["GET"]}}],"collection":[{"href":"https:\/\/www.europesays.com\/pt\/wp-json\/wp\/v2\/posts"}],"about":[{"href":"https:\/\/www.europesays.com\/pt\/wp-json\/wp\/v2\/types\/post"}],"author":[{"embeddable":true,"href":"https:\/\/www.europesays.com\/pt\/wp-json\/wp\/v2\/users\/2"}],"replies":[{"embeddable":true,"href":"https:\/\/www.europesays.com\/pt\/wp-json\/wp\/v2\/comments?post=153622"}],"version-history":[{"count":0,"href":"https:\/\/www.europesays.com\/pt\/wp-json\/wp\/v2\/posts\/153622\/revisions"}],"wp:featuredmedia":[{"embeddable":true,"href":"https:\/\/www.europesays.com\/pt\/wp-json\/wp\/v2\/media\/153623"}],"wp:attachment":[{"href":"https:\/\/www.europesays.com\/pt\/wp-json\/wp\/v2\/media?parent=153622"}],"wp:term":[{"taxonomy":"category","embeddable":true,"href":"https:\/\/www.europesays.com\/pt\/wp-json\/wp\/v2\/categories?post=153622"},{"taxonomy":"post_tag","embeddable":true,"href":"https:\/\/www.europesays.com\/pt\/wp-json\/wp\/v2\/tags?post=153622"}],"curies":[{"name":"wp","href":"https:\/\/api.w.org\/{rel}","templated":true}]}}