{"id":153634,"date":"2025-11-16T10:49:11","date_gmt":"2025-11-16T10:49:11","guid":{"rendered":"https:\/\/www.europesays.com\/pt\/153634\/"},"modified":"2025-11-16T10:49:11","modified_gmt":"2025-11-16T10:49:11","slug":"selecionador-da-ucrania-diz-que-sudakov-tem-lesao-muito-grave","status":"publish","type":"post","link":"https:\/\/www.europesays.com\/pt\/153634\/","title":{"rendered":"Selecionador da Ucr\u00e2nia diz que Sudakov tem &#8220;les\u00e3o muito grave&#8221;"},"content":{"rendered":"<p>                <b>&#8220;Eu n\u00e3o sabia que ele tinha uma les\u00e3o. Ele disse que sentiu uma dor enquanto aquecia. Depois da primeira parte frente \u00e0 Fran\u00e7a, ele disse que sentiu um desconforto. Infelizmente, n\u00e3o nos poder\u00e1 ajudar&#8221;<\/b>, disse, aos jornalistas, na antevis\u00e3o ao jogo frente \u00e0 Isl\u00e2ndia. <\/p>\n<p><b>&#8220;Examin\u00e1mo-lo esta manh\u00e3 e percebemos que se tratava de uma les\u00e3o muito grave. Foi para casa para tratamento. Foi uma les\u00e3o sofrida no Benfica. Ele nem sequer participou num \u00fanico treino connosco&#8221;<\/b>, concluiu.<\/p>\n<p>Entretanto, o jogador partilhou uma fotografia no seu canal de Telegram em que se mostra a realizar tratamento j\u00e1 no Benfica Campus, no Seixal.<\/p>\n<p>Recorde-se que em outubro deste ano o jogador j\u00e1 tinha sofrido uma sobrecarga muscular na anca esquerda, o que o levou a ser dispensado da sele\u00e7\u00e3o na altura.<br \/>&#13;\n            <\/p>\n","protected":false},"excerpt":{"rendered":"&#8220;Eu n\u00e3o sabia que ele tinha uma les\u00e3o. Ele disse que sentiu uma dor enquanto aquecia. Depois da&hellip;\n","protected":false},"author":2,"featured_media":153635,"comment_status":"","ping_status":"","sticky":false,"template":"","format":"standard","meta":{"footnotes":""},"categories":[87],"tags":[135,13,32,33,420,421,134],"class_list":{"0":"post-153634","1":"post","2":"type-post","3":"status-publish","4":"format-standard","5":"has-post-thumbnail","7":"category-desporto","8":"tag-desporto","9":"tag-noticias","10":"tag-portugal","11":"tag-pt","12":"tag-rtp","13":"tag-rtp-noticias","14":"tag-sports"},"share_on_mastodon":{"url":"https:\/\/pubeurope.com\/@pt\/115558990664580456","error":""},"_links":{"self":[{"href":"https:\/\/www.europesays.com\/pt\/wp-json\/wp\/v2\/posts\/153634","targetHints":{"allow":["GET"]}}],"collection":[{"href":"https:\/\/www.europesays.com\/pt\/wp-json\/wp\/v2\/posts"}],"about":[{"href":"https:\/\/www.europesays.com\/pt\/wp-json\/wp\/v2\/types\/post"}],"author":[{"embeddable":true,"href":"https:\/\/www.europesays.com\/pt\/wp-json\/wp\/v2\/users\/2"}],"replies":[{"embeddable":true,"href":"https:\/\/www.europesays.com\/pt\/wp-json\/wp\/v2\/comments?post=153634"}],"version-history":[{"count":0,"href":"https:\/\/www.europesays.com\/pt\/wp-json\/wp\/v2\/posts\/153634\/revisions"}],"wp:featuredmedia":[{"embeddable":true,"href":"https:\/\/www.europesays.com\/pt\/wp-json\/wp\/v2\/media\/153635"}],"wp:attachment":[{"href":"https:\/\/www.europesays.com\/pt\/wp-json\/wp\/v2\/media?parent=153634"}],"wp:term":[{"taxonomy":"category","embeddable":true,"href":"https:\/\/www.europesays.com\/pt\/wp-json\/wp\/v2\/categories?post=153634"},{"taxonomy":"post_tag","embeddable":true,"href":"https:\/\/www.europesays.com\/pt\/wp-json\/wp\/v2\/tags?post=153634"}],"curies":[{"name":"wp","href":"https:\/\/api.w.org\/{rel}","templated":true}]}}