{"id":153638,"date":"2025-11-16T10:57:46","date_gmt":"2025-11-16T10:57:46","guid":{"rendered":"https:\/\/www.europesays.com\/pt\/153638\/"},"modified":"2025-11-16T10:57:46","modified_gmt":"2025-11-16T10:57:46","slug":"autocuidado-e-amar-o-que-se-ve","status":"publish","type":"post","link":"https:\/\/www.europesays.com\/pt\/153638\/","title":{"rendered":"&#8216;Autocuidado \u00e9 amar o que se v\u00ea&#8217;"},"content":{"rendered":"\n<p class=\" content-text__container \" data-track-category=\"Link no Texto\" data-track-links=\"\"> &#8220;J\u00e1 fez as pazes com o espelho por a\u00ed ? Autocuidado \u00e9 amar o que se v\u00ea!! \ud83e\udd70 e se todo dia vc fizesse uma foto antes de sair ? Posta aqui e me marca que eu quero ver \ud83d\ude0f&#8221;, pediu na legenda. <\/p>\n<p class=\" content-text__container \" data-track-category=\"Link no Texto\" data-track-links=\"\"> A publica\u00e7\u00e3o gerou algumas rea\u00e7\u00f5es dos seguidores. &#8220;Que linda, meu Deus&#8221;, observou uma delas. &#8220;Mulher, voc\u00ea \u00e9 maravilhosa demais\ud83d\ude0d\ud83d\ude0d\ud83d\ude0d\ud83d\ude0d&#8221;, escreveu um outro. &#8220;Amo seus looks. Por aqui eu j\u00e1 fiz as pazes com o espelho&#8221;, avisou uma terceira. <\/p>\n","protected":false},"excerpt":{"rendered":"&#8220;J\u00e1 fez as pazes com o espelho por a\u00ed ? Autocuidado \u00e9 amar o que se v\u00ea!! \ud83e\udd70&hellip;\n","protected":false},"author":2,"featured_media":153639,"comment_status":"","ping_status":"","sticky":false,"template":"","format":"standard","meta":{"footnotes":""},"categories":[145],"tags":[211,210,114,115,32,33],"class_list":{"0":"post-153638","1":"post","2":"type-post","3":"status-publish","4":"format-standard","5":"has-post-thumbnail","7":"category-celebridades","8":"tag-celebridades","9":"tag-celebrities","10":"tag-entertainment","11":"tag-entretenimento","12":"tag-portugal","13":"tag-pt"},"share_on_mastodon":{"url":"https:\/\/pubeurope.com\/@pt\/115559026108879870","error":""},"_links":{"self":[{"href":"https:\/\/www.europesays.com\/pt\/wp-json\/wp\/v2\/posts\/153638","targetHints":{"allow":["GET"]}}],"collection":[{"href":"https:\/\/www.europesays.com\/pt\/wp-json\/wp\/v2\/posts"}],"about":[{"href":"https:\/\/www.europesays.com\/pt\/wp-json\/wp\/v2\/types\/post"}],"author":[{"embeddable":true,"href":"https:\/\/www.europesays.com\/pt\/wp-json\/wp\/v2\/users\/2"}],"replies":[{"embeddable":true,"href":"https:\/\/www.europesays.com\/pt\/wp-json\/wp\/v2\/comments?post=153638"}],"version-history":[{"count":0,"href":"https:\/\/www.europesays.com\/pt\/wp-json\/wp\/v2\/posts\/153638\/revisions"}],"wp:featuredmedia":[{"embeddable":true,"href":"https:\/\/www.europesays.com\/pt\/wp-json\/wp\/v2\/media\/153639"}],"wp:attachment":[{"href":"https:\/\/www.europesays.com\/pt\/wp-json\/wp\/v2\/media?parent=153638"}],"wp:term":[{"taxonomy":"category","embeddable":true,"href":"https:\/\/www.europesays.com\/pt\/wp-json\/wp\/v2\/categories?post=153638"},{"taxonomy":"post_tag","embeddable":true,"href":"https:\/\/www.europesays.com\/pt\/wp-json\/wp\/v2\/tags?post=153638"}],"curies":[{"name":"wp","href":"https:\/\/api.w.org\/{rel}","templated":true}]}}