{"id":153640,"date":"2025-11-16T11:03:17","date_gmt":"2025-11-16T11:03:17","guid":{"rendered":"https:\/\/www.europesays.com\/pt\/153640\/"},"modified":"2025-11-16T11:03:17","modified_gmt":"2025-11-16T11:03:17","slug":"o-futuro-incerto-da-m-sport-ford-entre-a-sobrevivencia-e-a-ambicao-desvanecida","status":"publish","type":"post","link":"https:\/\/www.europesays.com\/pt\/153640\/","title":{"rendered":"O futuro incerto da M-Sport\/Ford: entre a sobreviv\u00eancia e a ambi\u00e7\u00e3o desvanecida"},"content":{"rendered":"<p>Atualmente, a preocupa\u00e7\u00e3o em torno da M-Sport\/Ford j\u00e1 n\u00e3o se centra na possibilidade de contratar pilotos de ponta para 2026, capazes de lutar por vit\u00f3rias ou lugares cimeiros. A quest\u00e3o primordial passou a ser a pr\u00f3pria continuidade da equipa. Embora se assuma a sua presen\u00e7a em 2026, nos moldes atuais, as d\u00favidas quanto a 2027 aumentam exponencialmente. O cen\u00e1rio \u00e9 de grande incerteza, com poucas certezas \u00e0 vista.<\/p>\n<p>Para 2026, a \u00fanica certeza \u00e9 a aus\u00eancia de confirma\u00e7\u00e3o dos pilotos da equipa. Em 2025, os tr\u00eas pilotos \u2013 Gregoire Munster, Josh McErlean e Martins Sesks \u2013 alcan\u00e7aram, em conjunto, apenas sete quintos lugares em 32 ralis disputados, sem contabilizar os \u201cgentleman drivers\u201d.<\/p>\n<p>Sabe-se que em 2026 o alinhamento da equipa voltar\u00e1 a ser composto por pilotos pagantes, uma vez que esta \u00e9 a \u00fanica alternativa para a M-Sport evitar a interrup\u00e7\u00e3o das suas atividades. \u00c9 expect\u00e1vel que os dois lugares sejam preenchidos por Munster, McErlean ou Sesks. Gregoire Munster, em declara\u00e7\u00f5es a um jornal belga, afirmou: \u201cNo mercado, apenas Josh McErlean, Martins Sesks e eu conhecemos os pneus e todos os ralis. E acredito que tanto McErlean como Sesks devem continuar o programa atual com a M-Sport.\u201d<\/p>\n<p>Consequentemente, Gregoire Munster procura ativamente um lugar, dispondo de apoio financeiro. No entanto, a M-Sport\/Ford mant\u00e9m-se indefinida quanto \u00e0 sua constitui\u00e7\u00e3o para a pr\u00f3xima temporada. A ambi\u00e7\u00e3o de ter um piloto de topo para competir na frente parece, para j\u00e1, uma miragem distante.<\/p>\n<p>A sustentabilidade financeira \u00e9 um desafio constante para as equipas privadas no desporto motorizado de alta competi\u00e7\u00e3o, como o Mundial de Ralis. A necessidade de recorrer a \u201cpilotos pagantes\u201d reflete uma realidade onde o talento puro nem sempre \u00e9 suficiente sem o apoio financeiro associado.<\/p>\n<p>Esta din\u00e2mica sublinha a import\u00e2ncia cr\u00edtica dos patroc\u00ednios e do apoio dos construtores para manter a competitividade e a pr\u00f3pria exist\u00eancia das equipas, num ambiente onde os custos de desenvolvimento e participa\u00e7\u00e3o s\u00e3o extremamente elevados.<\/p>\n<p>A procura por um equil\u00edbrio entre a performance desportiva e a viabilidade econ\u00f3mica \u00e9 uma equa\u00e7\u00e3o complexa que define muitas das decis\u00f5es estrat\u00e9gicas no \u2018paddock\u2019 do WRC.<\/p>\n","protected":false},"excerpt":{"rendered":"Atualmente, a preocupa\u00e7\u00e3o em torno da M-Sport\/Ford j\u00e1 n\u00e3o se centra na possibilidade de contratar pilotos de ponta&hellip;\n","protected":false},"author":2,"featured_media":153641,"comment_status":"","ping_status":"","sticky":false,"template":"","format":"standard","meta":{"footnotes":""},"categories":[87],"tags":[135,33115,33116,33117,33118,718,32,33,5278,134,2701],"class_list":{"0":"post-153640","1":"post","2":"type-post","3":"status-publish","4":"format-standard","5":"has-post-thumbnail","7":"category-desporto","8":"tag-desporto","9":"tag-gregoire-munster","10":"tag-josh-mcerlean","11":"tag-m-sport-ford","12":"tag-martins-sesks","13":"tag-newsletter","14":"tag-portugal","15":"tag-pt","16":"tag-ralis","17":"tag-sports","18":"tag-wrc"},"share_on_mastodon":{"url":"https:\/\/pubeurope.com\/@pt\/115559045712676625","error":""},"_links":{"self":[{"href":"https:\/\/www.europesays.com\/pt\/wp-json\/wp\/v2\/posts\/153640","targetHints":{"allow":["GET"]}}],"collection":[{"href":"https:\/\/www.europesays.com\/pt\/wp-json\/wp\/v2\/posts"}],"about":[{"href":"https:\/\/www.europesays.com\/pt\/wp-json\/wp\/v2\/types\/post"}],"author":[{"embeddable":true,"href":"https:\/\/www.europesays.com\/pt\/wp-json\/wp\/v2\/users\/2"}],"replies":[{"embeddable":true,"href":"https:\/\/www.europesays.com\/pt\/wp-json\/wp\/v2\/comments?post=153640"}],"version-history":[{"count":0,"href":"https:\/\/www.europesays.com\/pt\/wp-json\/wp\/v2\/posts\/153640\/revisions"}],"wp:featuredmedia":[{"embeddable":true,"href":"https:\/\/www.europesays.com\/pt\/wp-json\/wp\/v2\/media\/153641"}],"wp:attachment":[{"href":"https:\/\/www.europesays.com\/pt\/wp-json\/wp\/v2\/media?parent=153640"}],"wp:term":[{"taxonomy":"category","embeddable":true,"href":"https:\/\/www.europesays.com\/pt\/wp-json\/wp\/v2\/categories?post=153640"},{"taxonomy":"post_tag","embeddable":true,"href":"https:\/\/www.europesays.com\/pt\/wp-json\/wp\/v2\/tags?post=153640"}],"curies":[{"name":"wp","href":"https:\/\/api.w.org\/{rel}","templated":true}]}}