{"id":153657,"date":"2025-11-16T11:38:25","date_gmt":"2025-11-16T11:38:25","guid":{"rendered":"https:\/\/www.europesays.com\/pt\/153657\/"},"modified":"2025-11-16T11:38:25","modified_gmt":"2025-11-16T11:38:25","slug":"presidenciais-manuel-joao-vieira-promete-um-ferrari-vinho-canalizado-e-uma-patinadora-russa-para-todos","status":"publish","type":"post","link":"https:\/\/www.europesays.com\/pt\/153657\/","title":{"rendered":"Presidenciais: Manuel Jo\u00e3o Vieira promete &#8220;um Ferrari, vinho canalizado e uma patinadora russa para todos&#8221;"},"content":{"rendered":"<p class=\"wp-caption-text top\"><a href=\"https:\/\/www.facebook.com\/photo.php?fbid=1165907775099748&amp;set=pb.100050416093132.-2207520000&amp;type=3&amp;locale=pt_PT\" rel=\"nofollow external noopener noreferrer\" data-wpel-link=\"external\" target=\"_blank\" class=\"ext-link\">Manuel Jo\u00e3o Vieira \/ Facebook<\/a><\/p>\n<p><img decoding=\"async\" loading=\"lazy\" class=\"size-kopa-image-size-3 wp-image-711753\" src=\"https:\/\/www.europesays.com\/pt\/wp-content\/uploads\/2025\/11\/0d86ae38179369d6fa87221233ba2ae8-783x450.jpg\" alt=\"\" width=\"700\" height=\"402\"  \/><\/p>\n<p class=\"wp-caption-text bot\">Manuel Jo\u00e3o Vieira<\/p>\n<p><strong>O<\/strong><strong> candidato que \u00e9 de \u201cextemo-centro\u201d quer acabar com o estacionamento pago, porque est\u00e1 farto da EMEL; e com o SNS, porque vai implementar a proibi\u00e7\u00e3o de todas as doen\u00e7as: \u201cquem tossir paga multa.\u201d<\/strong><\/p>\n<p><strong>Manuel Jo\u00e3o Vieira<\/strong>, m\u00fasico, artista pl\u00e1stico e professor portugu\u00eas, esteve na <a href=\"https:\/\/sicnoticias.pt\/especiais\/eleicoes-presidenciais\/2025-11-14-video-manuel-joao-vieira-o-pre-candidato-a-belem-que-so-desiste-se-for-eleito-e-promete-ferraris-para-todos-d1345cb9-1\" data-wpel-link=\"external\" target=\"_blank\" rel=\"nofollow external noopener noreferrer\" class=\"ext-link\">SIC Not\u00edcias<\/a>, esta sexta-feira \u00e0 noite a expor alguma das ideias que tem para melhorar o pa\u00eds.<\/p>\n<p>Segundo anunciou no mesmo canal, o vocalista e fundador dos Ena P\u00e1 2000 e Irm\u00e3os Catita j\u00e1 reuniu o n\u00famero de assinaturas necess\u00e1rio para apresentar a sua <strong>candidatura \u00e0 Presid\u00eancia da Rep\u00fablica<\/strong>.<\/p>\n<p>\u201cEst\u00e1 na altura de Portugal regressar \u00e0s suas responsabilidades e voltar a ser grande, bonito e com estacionamento gratuito, porque eu j\u00e1 estou um bocado farto da EMEL\u201d, considerou.<\/p>\n<p>\u00c9 por estas \u2013 e por outras \u2013 que se candidata. Acha que os portugueses est\u00e3o exilados na sua pr\u00f3pria terra e sugere recolonizar Portugal, propondo voltar a levar os camponeses ou descendentes de camponeses para as suas aldeias.<\/p>\n<p>\u201cTenho uma ideia de uma <strong>cidade de 10 milh\u00f5es de habitantes<\/strong>, no centro do pa\u00eds e vai de baixo at\u00e9 cima,<strong> em que tudo est\u00e1 garantido pela intelig\u00eancia artificial<\/strong>. Se as pessoas tiverem algum problema, carregam num bot\u00e3o e est\u00e1 resolvido. \u00c9 s\u00f3 isto\u201d, simplificou.<\/p>\n<p>Para a imigra\u00e7\u00e3o diz ter solu\u00e7\u00e3o: deixar as pessoas mais escuras mais claras e as mais claras mais escuras. E como? \u201cOu atrav\u00e9s da ci\u00eancia dermatol\u00f3gica nacional, que \u00e9 muito boa ou atrav\u00e9s da fornica\u00e7\u00e3o em s\u00e9rie, est\u00fapida e impar\u00e1vel. Eu n\u00e3o digo que solu\u00e7\u00e3o prefiro, as cartas est\u00e3o na mesa.\u201d<\/p>\n<p>\u201cMas dessa maneira as pessoas ficavam todas iguais, n\u00e3o era? E as pessoas nunca s\u00e3o iguais, pois n\u00e3o?\u201d, refletiu. \u201cPorque as pessoas gostam de\u2026 tu \u00e9s do Benfica, tu \u00e9s do Porto, tu \u00e9s do Sporting\u2026 portanto, v\u00e3o continuar a haver diferen\u00e7as. Como \u00e9 que vamos eliminar essas diferen\u00e7as? \u00c9 com uma s\u00f3 equipa nacional, que ter\u00e1 homens, mulheres, trans, marcianos o que queiram\u2026\u201d<\/p>\n<p>Manuel Jo\u00e3o Vieira recomenda-se: \u201ceu acho que, no meio da cristaliza\u00e7\u00e3o med\u00edocre em que est\u00e1 mergulhado este pa\u00eds, n\u00f3s temos de olhar para outros horizontes. Eu <strong>acho que o absurdo tem de ser nacionalizado<\/strong>.\u201d<\/p>\n<p>Quando a jornalista perguntou ao candidato se era de esquerda ou direita, a resposta foi clara: <strong>\u201cexatamente, sou de esquerda direita. Sou do extremo-centro.\u201d<\/strong><\/p>\n<p>Propostas que aquecem o cora\u00e7\u00e3o dos portugueses<\/p>\n<p>Almejando ser o \u201cpresidente dos ainda mais afetos\u201d, as suas propostas incidem na <strong>dissemina\u00e7\u00e3o do amor<\/strong>.<\/p>\n<p><strong>\u201cEu prometo vinho canalizado em todas as casas, prometo uma prostituta em cada canto de rua, Ferraris para todos os portugueses, uma patinadora russa para todos os portugueses e dan\u00e7arinos cubanos para as mulheres (\u2026) o que eu prometo, no fundo, \u00e9 amor<\/strong>\u201c, resume.<\/p>\n<p>Manuel Jo\u00e3o Vieira j\u00e1 tinha aparecido em 2000, com propostas id\u00eanticas para as presidenciais de 2001. Mas, na altura, n\u00e3o passou de uma pr\u00e9-candidatura.<\/p>\n<p>    <a href=\"https:\/\/zap.aeiou.pt\/subscrever-newsletter\" data-wpel-link=\"internal\" rel=\"nofollow noopener\" target=\"_blank\">&#13;<br \/>\n        <img loading=\"lazy\" decoding=\"async\" class=\"aligncenter size-full wp-image-575475\" src=\"https:\/\/www.europesays.com\/pt\/wp-content\/uploads\/2025\/11\/2d51fe4a0ba54894421ead1809309ed9-1-450x140.jpg\" alt=\"Subscreva a Newsletter ZAP\" width=\"450\" height=\"140\"\/>&#13;<br \/>\n    <\/a><\/p>\n<p>                <a href=\"https:\/\/whatsapp.com\/channel\/0029VaIC4EE2f3EJZPPSbR34\" data-wpel-link=\"external\" target=\"_blank\" rel=\"nofollow external noopener noreferrer\" class=\"ext-link\">&#13;<br \/>\n                    <img loading=\"lazy\" decoding=\"async\" class=\"aligncenter size-full wp-image-575475\" src=\"https:\/\/www.europesays.com\/pt\/wp-content\/uploads\/2025\/11\/c68c559d956d4ca20f435ed74a6e71e6.png\" alt=\"Siga-nos no WhatsApp\" width=\"175\" height=\"64\"\/>&#13;<br \/>\n                <\/a><\/p>\n<p>                <a href=\"https:\/\/news.google.com\/publications\/CAAiEHRwZondIV71PDjWNoqMduEqFAgKIhB0cGaJ3SFe9Tw41jaKjHbh?hl=en-US&amp;gl=US&amp;ceid=US%3Aen\" data-wpel-link=\"external\" target=\"_blank\" rel=\"nofollow external noopener noreferrer\" class=\"ext-link\">&#13;<br \/>\n                    <img loading=\"lazy\" decoding=\"async\" class=\"aligncenter size-full wp-image-575475\" src=\"https:\/\/www.europesays.com\/pt\/wp-content\/uploads\/2025\/11\/5123dd8b087b644fdb8f8603acd1bad4.png\" alt=\"Siga-nos no Google News\" width=\"176\" height=\"64\"\/>&#13;<br \/>\n                <\/a><\/p>\n","protected":false},"excerpt":{"rendered":"Manuel Jo\u00e3o Vieira \/ Facebook Manuel Jo\u00e3o Vieira O candidato que \u00e9 de \u201cextemo-centro\u201d quer acabar com o&hellip;\n","protected":false},"author":2,"featured_media":153658,"comment_status":"","ping_status":"","sticky":false,"template":"","format":"standard","meta":{"footnotes":""},"categories":[8],"tags":[207,27,28,269,767,2258,15,16,14,222,25,26,21,22,12,13,19,20,52,32,1076,23,24,33,17,18,29,30,31],"class_list":{"0":"post-153657","1":"post","2":"type-post","3":"status-publish","4":"format-standard","5":"has-post-thumbnail","7":"category-principais-noticias","8":"tag-arte","9":"tag-breaking-news","10":"tag-breakingnews","11":"tag-capa","12":"tag-comedia","13":"tag-eleicoes","14":"tag-featured-news","15":"tag-featurednews","16":"tag-headlines","17":"tag-humor","18":"tag-latest-news","19":"tag-latestnews","20":"tag-main-news","21":"tag-mainnews","22":"tag-news","23":"tag-noticias","24":"tag-noticias-principais","25":"tag-noticiasprincipais","26":"tag-politica","27":"tag-portugal","28":"tag-presidenciais-2026","29":"tag-principais-noticias","30":"tag-principaisnoticias","31":"tag-pt","32":"tag-top-stories","33":"tag-topstories","34":"tag-ultimas","35":"tag-ultimas-noticias","36":"tag-ultimasnoticias"},"share_on_mastodon":{"url":"https:\/\/pubeurope.com\/@pt\/115559183870006381","error":""},"_links":{"self":[{"href":"https:\/\/www.europesays.com\/pt\/wp-json\/wp\/v2\/posts\/153657","targetHints":{"allow":["GET"]}}],"collection":[{"href":"https:\/\/www.europesays.com\/pt\/wp-json\/wp\/v2\/posts"}],"about":[{"href":"https:\/\/www.europesays.com\/pt\/wp-json\/wp\/v2\/types\/post"}],"author":[{"embeddable":true,"href":"https:\/\/www.europesays.com\/pt\/wp-json\/wp\/v2\/users\/2"}],"replies":[{"embeddable":true,"href":"https:\/\/www.europesays.com\/pt\/wp-json\/wp\/v2\/comments?post=153657"}],"version-history":[{"count":0,"href":"https:\/\/www.europesays.com\/pt\/wp-json\/wp\/v2\/posts\/153657\/revisions"}],"wp:featuredmedia":[{"embeddable":true,"href":"https:\/\/www.europesays.com\/pt\/wp-json\/wp\/v2\/media\/153658"}],"wp:attachment":[{"href":"https:\/\/www.europesays.com\/pt\/wp-json\/wp\/v2\/media?parent=153657"}],"wp:term":[{"taxonomy":"category","embeddable":true,"href":"https:\/\/www.europesays.com\/pt\/wp-json\/wp\/v2\/categories?post=153657"},{"taxonomy":"post_tag","embeddable":true,"href":"https:\/\/www.europesays.com\/pt\/wp-json\/wp\/v2\/tags?post=153657"}],"curies":[{"name":"wp","href":"https:\/\/api.w.org\/{rel}","templated":true}]}}