{"id":153661,"date":"2025-11-16T11:42:13","date_gmt":"2025-11-16T11:42:13","guid":{"rendered":"https:\/\/www.europesays.com\/pt\/153661\/"},"modified":"2025-11-16T11:42:13","modified_gmt":"2025-11-16T11:42:13","slug":"jaques-recebe-alerta-sobre-leo-e-filipa-e-fica-em-panico","status":"publish","type":"post","link":"https:\/\/www.europesays.com\/pt\/153661\/","title":{"rendered":"Jaques recebe alerta sobre Leo e Filipa e fica em p\u00e2nico"},"content":{"rendered":"<p data-start=\"554\" data-end=\"935\">Nos pr\u00f3ximos cap\u00edtulos de <a href=\"https:\/\/natelinha.uol.com.br\/novelas\/dona-de-mim\" rel=\"nofollow noopener\" target=\"_blank\">Dona de Mim<\/a>, Mauro dar\u00e1 um aviso decisivo a Jaques (<a href=\"https:\/\/natelinha.uol.com.br\/famosos\/tudo-sobre\/marcello-novaes\" rel=\"nofollow noopener\" target=\"_blank\">Marcello Novaes<\/a>). O assessor informar\u00e1 que Filipa (<a href=\"https:\/\/natelinha.uol.com.br\/famosos\/tudo-sobre\/claudia-abreu\" rel=\"nofollow noopener\" target=\"_blank\">Cl\u00e1udia Abreu<\/a>) e Leo (<a href=\"https:\/\/natelinha.uol.com.br\/famosos\/tudo-sobre\/clara-moneke\" rel=\"nofollow noopener\" target=\"_blank\">Clara Moneke<\/a>) estiveram no hospital para ver Ricardo (Marcos Pasquim), ainda internado ap\u00f3s o atropelamento provocado em uma a\u00e7\u00e3o planejada pelo pr\u00f3prio empres\u00e1rio. A not\u00edcia deixar\u00e1 o vil\u00e3o em alerta.<\/p>\n<p data-start=\"937\" data-end=\"1405\">O cen\u00e1rio que leva ao aviso come\u00e7a quando a atriz passa a desconfiar do comportamento do namorado. Filipa, j\u00e1 ciente de movimenta\u00e7\u00f5es que considera estranhas, decide aprofundar a investiga\u00e7\u00e3o sobre a rotina do companheiro. O aliado Leo d\u00e1 apoio integral, j\u00e1 que nunca demonstrou simpatia pelo executivo.<\/p>\n<p data-start=\"937\" data-end=\"1405\">Os dois passam a cruzar epis\u00f3dios que envolvem o empres\u00e1rio e concluem que a interna\u00e7\u00e3o de Ricardo pode oferecer pistas sobre acontecimentos ainda n\u00e3o esclarecidos.<\/p>\n<p data-start=\"1407\" data-end=\"1908\">Ao saber que o t\u00e9cnico continua em coma, a dupla resolve ir ao hospital. O objetivo \u00e9 verificar se existe alguma informa\u00e7\u00e3o que possa lig\u00e1-lo diretamente \u00e0 morte de Abel (<a href=\"https:\/\/natelinha.uol.com.br\/famosos\/tudo-sobre\/tony-ramos\" rel=\"nofollow noopener\" target=\"_blank\">Tony Ramos<\/a>). Durante a visita, ambos observam o estado cl\u00ednico do funcion\u00e1rio e conversam sobre a suspeita.<\/p>\n<p data-start=\"1407\" data-end=\"1908\">+\u00a0<a href=\"https:\/\/natelinha.uol.com.br\/novelas\/2025\/11\/14\/dona-de-mim-jaques-desconfia-de-filipa-e-passa-a-vigia-la-233873.php\" target=\"_blank\" rel=\"noopener noreferrer nofollow\">Dona de Mim: Jaques desconfia de Filipa e passa a vigi\u00e1-la<\/a><\/p>\n<p data-start=\"1407\" data-end=\"1908\">Nesse momento, Filipa relata ao companheiro de investiga\u00e7\u00e3o que n\u00e3o consegue acreditar que Jaques tenha sido capaz de tirar a vida do antigo gestor. Ela comenta que a d\u00favida ainda persiste e que precisa confirmar os fatos.<\/p>\n<p data-start=\"1910\" data-end=\"2246\">A conversa \u00e9 acompanhada \u00e0 dist\u00e2ncia por T\u00e2nia (<a href=\"https:\/\/natelinha.uol.com.br\/famosos\/tudo-sobre\/aline-borges\" rel=\"nofollow noopener\" target=\"_blank\">Aline Borges<\/a>), que continua escondida ap\u00f3s o sequestro de Ricardo e as amea\u00e7as contra o ex-marido. A personagem presencia a movimenta\u00e7\u00e3o sem ser notada. Ao perceber que Filipa e Leo tentam entender se o empres\u00e1rio pode ter cometido um crime, ela imediatamente identifica uma oportunidade.<\/p>\n<p data-start=\"2248\" data-end=\"2691\">A ex-mulher de Jaques sabe que existe um v\u00eddeo capaz de incriminar o executivo pela morte de Abel. Ela tamb\u00e9m est\u00e1 ciente de que apenas Ricardo e a irm\u00e3 dele conhecem o local onde a grava\u00e7\u00e3o foi guardada. A partir desse momento, a vil\u00e3 intensifica os esfor\u00e7os para localizar o material, que pode lhe render vantagem contra o ex-marido. A avalia\u00e7\u00e3o dela \u00e9 que, se tiver acesso \u00e0 prova, poder\u00e1 us\u00e1-la em futuras negocia\u00e7\u00f5es ou at\u00e9 em chantagens.<\/p>\n<p>Alerta para Jaques em Dona de Mim<\/p>\n<p><img decoding=\"async\" loading=\"lazy\" class=\"horizontal\" src=\"https:\/\/www.europesays.com\/pt\/wp-content\/uploads\/2025\/08\/globo-dona-de-mim-jaques-vai-tomar-presidencia-boaz_9909.jpeg\" alt=\"imagem-texto\"\/><\/p>\n<p>continua depois da publicidade<\/p>\n<p data-start=\"2693\" data-end=\"3103\">\u00c9 nesse contexto que Mauro toma conhecimento da visita de Filipa e Leo ao hospital. O assessor decide comunicar Jaques imediatamente. Em sua fala, Mauro explica que os dois estiveram no quarto de Ricardo e observa que a presen\u00e7a da dupla n\u00e3o foi casual.<\/p>\n<p data-start=\"2693\" data-end=\"3103\">O empres\u00e1rio entende que a investiga\u00e7\u00e3o em torno de seu nome est\u00e1 avan\u00e7ando e que a visita pode indicar a exist\u00eancia de informa\u00e7\u00f5es que ainda n\u00e3o controlou.<\/p>\n<p data-start=\"2693\" data-end=\"3103\">+\u00a0<a href=\"https:\/\/natelinha.uol.com.br\/novelas\/2025\/11\/13\/dona-de-mim-filipa-pressiona-samuel-para-descobrir-segredos-de-jaques-233821.php\" target=\"_blank\" rel=\"noopener noreferrer nofollow\">Dona de Mim: Filipa pressiona Samuel para descobrir segredos de Jaques<\/a><\/p>\n<p data-start=\"3105\" data-end=\"3368\">O alerta faz Jaques reavaliar os pr\u00f3ximos passos. O executivo reconhece que a movimenta\u00e7\u00e3o de Filipa e Leo pode comprometer suas a\u00e7\u00f5es anteriores e demonstra preocupa\u00e7\u00e3o com a possibilidade de Ricardo despertar e revelar a localiza\u00e7\u00e3o da grava\u00e7\u00e3o que o incrimina.<\/p>\n<p><strong>Confira os resumos da semana das outras novelas:<\/strong><\/p>\n<p>O\u00a0<strong>NaTelinha<\/strong>\u00a0divulga todos os dias os\u00a0<a href=\"https:\/\/natelinha.uol.com.br\/novelas\" rel=\"nofollow noopener\" target=\"_blank\"><strong>resumos dos cap\u00edtulos<\/strong><\/a>, detalhes dos personagens, entrevistas exclusivas com o elenco e spoiler da novela Dona de Mim.<\/p>\n<p><strong>Assista ao\u00a0v\u00eddeo de abertura da novela das sete:\u00a0<\/strong><\/p>\n<p>                                <img decoding=\"async\" loading=\"lazy\" class=\"horizontal\" alt=\"Imagem da thumbnail do v\u00eddeo!\" src=\"https:\/\/www.europesays.com\/pt\/wp-content\/uploads\/2025\/09\/1757761575_881_hqdefault.jpg\"\/><\/p>\n","protected":false},"excerpt":{"rendered":"Nos pr\u00f3ximos cap\u00edtulos de Dona de Mim, Mauro dar\u00e1 um aviso decisivo a Jaques (Marcello Novaes). O assessor&hellip;\n","protected":false},"author":2,"featured_media":153662,"comment_status":"","ping_status":"","sticky":false,"template":"","format":"standard","meta":{"footnotes":""},"categories":[142],"tags":[4776,1718,114,115,4775,4904,1719,32,33,28094,9170,151],"class_list":{"0":"post-153661","1":"post","2":"type-post","3":"status-publish","4":"format-standard","5":"has-post-thumbnail","7":"category-tv","8":"tag-abel-dona-de-mim","9":"tag-dona-de-mim","10":"tag-entertainment","11":"tag-entretenimento","12":"tag-filipa-dona-de-mim","13":"tag-jaques-dona-de-mim","14":"tag-leona-dona-de-mim","15":"tag-portugal","16":"tag-pt","17":"tag-ricardo-dona-de-mim","18":"tag-tania-dona-de-mim","19":"tag-tv"},"share_on_mastodon":{"url":"https:\/\/pubeurope.com\/@pt\/115559199251990935","error":""},"_links":{"self":[{"href":"https:\/\/www.europesays.com\/pt\/wp-json\/wp\/v2\/posts\/153661","targetHints":{"allow":["GET"]}}],"collection":[{"href":"https:\/\/www.europesays.com\/pt\/wp-json\/wp\/v2\/posts"}],"about":[{"href":"https:\/\/www.europesays.com\/pt\/wp-json\/wp\/v2\/types\/post"}],"author":[{"embeddable":true,"href":"https:\/\/www.europesays.com\/pt\/wp-json\/wp\/v2\/users\/2"}],"replies":[{"embeddable":true,"href":"https:\/\/www.europesays.com\/pt\/wp-json\/wp\/v2\/comments?post=153661"}],"version-history":[{"count":0,"href":"https:\/\/www.europesays.com\/pt\/wp-json\/wp\/v2\/posts\/153661\/revisions"}],"wp:featuredmedia":[{"embeddable":true,"href":"https:\/\/www.europesays.com\/pt\/wp-json\/wp\/v2\/media\/153662"}],"wp:attachment":[{"href":"https:\/\/www.europesays.com\/pt\/wp-json\/wp\/v2\/media?parent=153661"}],"wp:term":[{"taxonomy":"category","embeddable":true,"href":"https:\/\/www.europesays.com\/pt\/wp-json\/wp\/v2\/categories?post=153661"},{"taxonomy":"post_tag","embeddable":true,"href":"https:\/\/www.europesays.com\/pt\/wp-json\/wp\/v2\/tags?post=153661"}],"curies":[{"name":"wp","href":"https:\/\/api.w.org\/{rel}","templated":true}]}}