{"id":153671,"date":"2025-11-16T11:59:25","date_gmt":"2025-11-16T11:59:25","guid":{"rendered":"https:\/\/www.europesays.com\/pt\/153671\/"},"modified":"2025-11-16T11:59:25","modified_gmt":"2025-11-16T11:59:25","slug":"sporting-e-belenenses-empatam-em-jogo-de-treino","status":"publish","type":"post","link":"https:\/\/www.europesays.com\/pt\/153671\/","title":{"rendered":"Sporting e Belenenses empatam em jogo de treino"},"content":{"rendered":"<p>O Sporting realizou, neste s\u00e1bado, um jogo de treino frente ao Belenenses, da Liga 3. O resultado final ditou um empate (2-2) entre as duas equipas da capital.<\/p>\n<p>Na Academia Cristiano Ronaldo, em Alcochete, Rui Borges alinhou com o seguinte onze inicial: Jo\u00e3o Virg\u00ednia, Matheus Reis, Hidemasa Morita, Alisson Santos, Bruno Ramos, Rayan Lucas, Samuel Justo, Eduardo Quaresma, Lucas Anjos, Rafael Nel e Ricardo Mangas.\u00a0<\/p>\n<p>Gon\u00e7alo Pinto, Miguel Bandarra, Jorge Teixeira, Nuno Tom\u00e1s, Jo\u00e3o Lucas, Cuca, Diogo Paulo, David Rebelo, Evandro, Wilson Eduardo e Jo\u00e3o Paredes fizeram o onze inicial da forma\u00e7\u00e3o do terceiro escal\u00e3o.\u00a0<\/p>\n<p>Ao intervalo o encontro manteve-se empatado (1-1). Na segunda metade ambas as equipas voltaram a fazer o golo, registando o 2-2 final. Pelo Sporting, Lucas Anjos e Ricardo Mangas foram os marcadores. David Rebelo e Jorge Teixeira marcaram pelos \u00abAzuis do Restelo\u00bb.\u00a0<\/p>\n<p>Os bicampe\u00f5es nacionais regressam aos treinos na manha de quarta-feira, para preparar a rece\u00e7\u00e3o ao Marinhense, clube do Camp. Portugal cujo <a href=\"https:\/\/maisfutebol.iol.pt\/futebol\/marinhense\/treinador-do-marinhense-acusado-de-abuso-psicologico-por-jogadores\" rel=\"nofollow noopener\" target=\"_blank\">treinador foi acusado de abuso psicol\u00f3gico por jogadores<\/a>, a contar para a Ta\u00e7a de Portugal.\u00a0<\/p>\n","protected":false},"excerpt":{"rendered":"O Sporting realizou, neste s\u00e1bado, um jogo de treino frente ao Belenenses, da Liga 3. O resultado final&hellip;\n","protected":false},"author":2,"featured_media":153672,"comment_status":"","ping_status":"","sticky":false,"template":"","format":"standard","meta":{"footnotes":""},"categories":[87],"tags":[10030,8256,135,33120,36,2499,46,32,33,47,34,134],"class_list":{"0":"post-153671","1":"post","2":"type-post","3":"status-publish","4":"format-standard","5":"has-post-thumbnail","7":"category-desporto","8":"tag-academia-cristiano-ronaldo","9":"tag-belenenses","10":"tag-desporto","11":"tag-jogo-treino","12":"tag-liga","13":"tag-liga-3","14":"tag-maisfutebol","15":"tag-portugal","16":"tag-pt","17":"tag-pura-paixao","18":"tag-sporting","19":"tag-sports"},"share_on_mastodon":{"url":"https:\/\/pubeurope.com\/@pt\/115559265985205247","error":""},"_links":{"self":[{"href":"https:\/\/www.europesays.com\/pt\/wp-json\/wp\/v2\/posts\/153671","targetHints":{"allow":["GET"]}}],"collection":[{"href":"https:\/\/www.europesays.com\/pt\/wp-json\/wp\/v2\/posts"}],"about":[{"href":"https:\/\/www.europesays.com\/pt\/wp-json\/wp\/v2\/types\/post"}],"author":[{"embeddable":true,"href":"https:\/\/www.europesays.com\/pt\/wp-json\/wp\/v2\/users\/2"}],"replies":[{"embeddable":true,"href":"https:\/\/www.europesays.com\/pt\/wp-json\/wp\/v2\/comments?post=153671"}],"version-history":[{"count":0,"href":"https:\/\/www.europesays.com\/pt\/wp-json\/wp\/v2\/posts\/153671\/revisions"}],"wp:featuredmedia":[{"embeddable":true,"href":"https:\/\/www.europesays.com\/pt\/wp-json\/wp\/v2\/media\/153672"}],"wp:attachment":[{"href":"https:\/\/www.europesays.com\/pt\/wp-json\/wp\/v2\/media?parent=153671"}],"wp:term":[{"taxonomy":"category","embeddable":true,"href":"https:\/\/www.europesays.com\/pt\/wp-json\/wp\/v2\/categories?post=153671"},{"taxonomy":"post_tag","embeddable":true,"href":"https:\/\/www.europesays.com\/pt\/wp-json\/wp\/v2\/tags?post=153671"}],"curies":[{"name":"wp","href":"https:\/\/api.w.org\/{rel}","templated":true}]}}