{"id":153677,"date":"2025-11-16T12:09:08","date_gmt":"2025-11-16T12:09:08","guid":{"rendered":"https:\/\/www.europesays.com\/pt\/153677\/"},"modified":"2025-11-16T12:09:08","modified_gmt":"2025-11-16T12:09:08","slug":"dois-projetos-de-odemira-reconhecidos-no-premio-arquitectura-no-alentejo","status":"publish","type":"post","link":"https:\/\/www.europesays.com\/pt\/153677\/","title":{"rendered":"Dois projetos de Odemira reconhecidos no Pr\u00e9mio Arquitectura no Alentejo"},"content":{"rendered":"<p>Dois equipamentos culturais do Munic\u00edpio de <a href=\"https:\/\/odigital.sapo.pt\/tag\/odemira\/\" id=\"s-a-embed-691992\" data-type=\"post_tag\" data-id=\"150\" rel=\"nofollow noopener\" target=\"_blank\">Odemira<\/a> foram distinguidos na 2.\u00aa edi\u00e7\u00e3o do Pr\u00e9mio Arquitectura no Alentejo, promovido pela Sec\u00e7\u00e3o Regional do Alentejo da Ordem dos Arquitectos. A cerim\u00f3nia realizou-se a 13 de novembro, no \u00e2mbito do 17.\u00ba Congresso dos Arquitectos, no Audit\u00f3rio da CCDR Alentejo, em \u00c9vora.<\/p>\n<p>A Olaria Municipal, situada em Odemira, venceu na <a href=\"https:\/\/www.facebook.com\/JornalODigital\" target=\"_blank\" rel=\"noreferrer noopener nofollow\">categoria<\/a> de Reabilita\u00e7\u00e3o. O projeto \u00e9 da autoria do arquiteto Daniel Pinho, do atelier ARDE \u2013 Arquitetura e Design, sediado no concelho.<\/p>\n<p>O Centro de Valoriza\u00e7\u00e3o da Viola Campani\u00e7a e do Cante de Improviso, localizado em S\u00e3o Martinho das Amoreiras, recebeu uma Men\u00e7\u00e3o Honrosa na mesma categoria. O projeto foi desenvolvido pelo arquiteto Filipe Oliveira, t\u00e9cnico do Munic\u00edpio de Odemira.<\/p>\n<p>O Munic\u00edpio recebeu as distin\u00e7\u00f5es atrav\u00e9s do vereador Pedro Ramos, que esteve presente acompanhado pelos autores dos projetos e pela empresa respons\u00e1vel pela empreitada, Virg\u00edlio de Sousa Leal.<\/p>\n<p>A entrega dos pr\u00e9mios integrou o programa do 17.\u00ba Congresso dos Arquitectos, que decorre entre 13 e 15 de novembro, reunindo profissionais e especialistas para debater a arquitetura no contexto regional.<\/p>\n","protected":false},"excerpt":{"rendered":"Dois equipamentos culturais do Munic\u00edpio de Odemira foram distinguidos na 2.\u00aa edi\u00e7\u00e3o do Pr\u00e9mio Arquitectura no Alentejo, promovido&hellip;\n","protected":false},"author":2,"featured_media":153678,"comment_status":"","ping_status":"","sticky":false,"template":"","format":"standard","meta":{"footnotes":""},"categories":[144],"tags":[207,205,206,203,201,202,204,114,115,32,33],"class_list":{"0":"post-153677","1":"post","2":"type-post","3":"status-publish","4":"format-standard","5":"has-post-thumbnail","7":"category-arte-e-design","8":"tag-arte","9":"tag-arte-e-design","10":"tag-artedesign","11":"tag-arts","12":"tag-arts-and-design","13":"tag-artsanddesign","14":"tag-design","15":"tag-entertainment","16":"tag-entretenimento","17":"tag-portugal","18":"tag-pt"},"share_on_mastodon":{"url":"https:\/\/pubeurope.com\/@pt\/115559305240195161","error":""},"_links":{"self":[{"href":"https:\/\/www.europesays.com\/pt\/wp-json\/wp\/v2\/posts\/153677","targetHints":{"allow":["GET"]}}],"collection":[{"href":"https:\/\/www.europesays.com\/pt\/wp-json\/wp\/v2\/posts"}],"about":[{"href":"https:\/\/www.europesays.com\/pt\/wp-json\/wp\/v2\/types\/post"}],"author":[{"embeddable":true,"href":"https:\/\/www.europesays.com\/pt\/wp-json\/wp\/v2\/users\/2"}],"replies":[{"embeddable":true,"href":"https:\/\/www.europesays.com\/pt\/wp-json\/wp\/v2\/comments?post=153677"}],"version-history":[{"count":0,"href":"https:\/\/www.europesays.com\/pt\/wp-json\/wp\/v2\/posts\/153677\/revisions"}],"wp:featuredmedia":[{"embeddable":true,"href":"https:\/\/www.europesays.com\/pt\/wp-json\/wp\/v2\/media\/153678"}],"wp:attachment":[{"href":"https:\/\/www.europesays.com\/pt\/wp-json\/wp\/v2\/media?parent=153677"}],"wp:term":[{"taxonomy":"category","embeddable":true,"href":"https:\/\/www.europesays.com\/pt\/wp-json\/wp\/v2\/categories?post=153677"},{"taxonomy":"post_tag","embeddable":true,"href":"https:\/\/www.europesays.com\/pt\/wp-json\/wp\/v2\/tags?post=153677"}],"curies":[{"name":"wp","href":"https:\/\/api.w.org\/{rel}","templated":true}]}}