{"id":15368,"date":"2025-08-04T10:57:08","date_gmt":"2025-08-04T10:57:08","guid":{"rendered":"https:\/\/www.europesays.com\/pt\/15368\/"},"modified":"2025-08-04T10:57:08","modified_gmt":"2025-08-04T10:57:08","slug":"fc-porto-luuk-de-jong-um-novo-especialista-a-voar-sobre-os-centrais","status":"publish","type":"post","link":"https:\/\/www.europesays.com\/pt\/15368\/","title":{"rendered":"FC Porto: Luuk De Jong, um novo especialista a voar sobre os centrais"},"content":{"rendered":"<p>O jogo de apresenta\u00e7\u00e3o aos s\u00f3cios do FC Porto ficou marcado por um refor\u00e7o surpresa. Tal como tinha feito com Samu Aghehowa na temporada passada, Andr\u00e9 Villas-Boas conseguiu esconder de todos a vinda de Luuk De Jong, experiente avan\u00e7ado neerland\u00eas.<\/p>\n<p>Aos 34 anos, De Jong vem competir com Samu pela posi\u00e7\u00e3o de ponta-de-lan\u00e7a. <strong><a href=\"https:\/\/maisfutebol.iol.pt\/geral\/03-08-2025\/surpresa-no-dragao-luuk-de-jong-e-reforco-do-fc-porto\" rel=\"nofollow noopener\" target=\"_blank\">O internacional neerland\u00eas assinou contrato a custo zero<\/a><\/strong>, ap\u00f3s terminar liga\u00e7\u00e3o com o campe\u00e3o PSV Eindhoven. Curiosamente, a equipa que &#8216;roubou&#8217; o t\u00edtulo ao Ajax de Francesco Farioli na \u00faltima jornada do campeonato neerland\u00eas.<\/p>\n<p>J\u00e1 numa idade avan\u00e7ada, muitos poder\u00e3o questionar &#8211; qual o contributo que De Jong pode ainda dar ao FC Porto, em 2025? Com isso em mente, o <strong>Maisfutebol <\/strong>decidiu analisar as estat\u00edsticas do avan\u00e7ado relativas a 2024\/25, olhando para os dados do nosso parceiro <strong><a href=\"https:\/\/www.sofascore.com\/\" rel=\"nofollow noopener\" target=\"_blank\">Sofascore<\/a><\/strong>.<\/p>\n<p> Tal como Jardel, Luuk De Jong destaca-se no jogo a\u00e9reo <\/p>\n<p>Numa primeira an\u00e1lise, podemos dizer que<strong><a href=\"https:\/\/www.sofascore.com\/pt\/football\/player\/luuk-de-jong\/40878\" rel=\"nofollow noopener\" target=\"_blank\"> Luuk De Jong<\/a><\/strong> marcou 18 golos e deu 12 assist\u00eancias em 47 jogos, entre competi\u00e7\u00f5es dom\u00e9sticas e Liga dos Campe\u00f5es. N\u00fameros interessantes, mas que n\u00e3o se comparam com a \u00e9poca anterior &#8211; De Jong marcou 38 golos e deu 18 assist\u00eancias (!) em 23\/24.\u00a0<\/p>\n<p>Numa \u00e9poca em que o PSV arrecadou o campeonato, o capit\u00e3o De Jong teve a quinta melhor classifica\u00e7\u00e3o Sofascore da Eredivisie &#8211; 7.43. Foi o melhor marcador do PSV na Liga, apesar da idade avan\u00e7ada.<\/p>\n<p>Recordando uma frase celebrizada pelo m\u00fasico Rui Veloso, em refer\u00eancia ao m\u00edtico Jardel, tamb\u00e9m Luuk De Jong \u00e9 reconhecido pelo jogo a\u00e9reo.<\/p>\n<p>Olhando para os avan\u00e7ados da Eredivisie, est\u00e1 no topo em termos de golos marcados de cabe\u00e7a (primeiro) e duelos a\u00e9reos ganhos (segundo). Ganhou 144 duelos, com uma m\u00e9dia de 5.15 lances ganhos de cabe\u00e7a por jogo em todas as competi\u00e7\u00f5es.<\/p>\n<p> Veterano n\u00e3o s\u00f3 marca, como d\u00e1 a marcar <\/p>\n<p>Dos 14 golos marcados na Liga neerlandesa, todos eles foram conseguidos dentro da grande \u00e1rea. \u00c9 um verdadeiro oportunista, o veterano. Tem ainda outra val\u00eancia &#8211; a cobran\u00e7a de grandes penalidades. Marcou quatro golos da marca de 11 metros, mais do que ningu\u00e9m.\u00a0<\/p>\n<p>\u00c9 de relevar ainda o n\u00famero de assist\u00eancias que De Jong conseguiu. Foi o oitavo jogador com mais passes para golo na Liga neerlandesa, com oito assist\u00eancias. Por jogo, em todas as competi\u00e7\u00f5es, De Jong conseguiu em m\u00e9dia 1.72 passes chave.<\/p>\n<p>Mais uma op\u00e7\u00e3o para o ataque de Farioli, com muita experi\u00eancia na bagagem. De Jong j\u00e1 atuou por Barcelona, Sevilha, Borussia Monchengladbach, Twente e De Graafschap. Figura no PSV, com 186 golos marcados no clube, De Jong prepara-se agora para um novo desafio.\u00a0<\/p>\n<p><img loading=\"lazy\" decoding=\"async\" alt=\"\" height=\"1319\" src=\"https:\/\/www.europesays.com\/pt\/wp-content\/uploads\/2025\/08\/688fa3dfd34ef72ee4490bfe.webp\" width=\"900\"\/><\/p>\n","protected":false},"excerpt":{"rendered":"O jogo de apresenta\u00e7\u00e3o aos s\u00f3cios do FC Porto ficou marcado por um refor\u00e7o surpresa. Tal como tinha&hellip;\n","protected":false},"author":2,"featured_media":15369,"comment_status":"","ping_status":"","sticky":false,"template":"","format":"standard","meta":{"footnotes":""},"categories":[87],"tags":[836,6092,135,2095,282,5819,46,462,32,5840,33,47,3513,134],"class_list":{"0":"post-15368","1":"post","2":"type-post","3":"status-publish","4":"format-standard","5":"has-post-thumbnail","7":"category-desporto","8":"tag-analise","9":"tag-de-jong","10":"tag-desporto","11":"tag-farioli","12":"tag-fc-porto","13":"tag-luuk-de-jong","14":"tag-maisfutebol","15":"tag-porto","16":"tag-portugal","17":"tag-psv","18":"tag-pt","19":"tag-pura-paixao","20":"tag-sofascore","21":"tag-sports"},"share_on_mastodon":{"url":"","error":""},"_links":{"self":[{"href":"https:\/\/www.europesays.com\/pt\/wp-json\/wp\/v2\/posts\/15368","targetHints":{"allow":["GET"]}}],"collection":[{"href":"https:\/\/www.europesays.com\/pt\/wp-json\/wp\/v2\/posts"}],"about":[{"href":"https:\/\/www.europesays.com\/pt\/wp-json\/wp\/v2\/types\/post"}],"author":[{"embeddable":true,"href":"https:\/\/www.europesays.com\/pt\/wp-json\/wp\/v2\/users\/2"}],"replies":[{"embeddable":true,"href":"https:\/\/www.europesays.com\/pt\/wp-json\/wp\/v2\/comments?post=15368"}],"version-history":[{"count":0,"href":"https:\/\/www.europesays.com\/pt\/wp-json\/wp\/v2\/posts\/15368\/revisions"}],"wp:featuredmedia":[{"embeddable":true,"href":"https:\/\/www.europesays.com\/pt\/wp-json\/wp\/v2\/media\/15369"}],"wp:attachment":[{"href":"https:\/\/www.europesays.com\/pt\/wp-json\/wp\/v2\/media?parent=15368"}],"wp:term":[{"taxonomy":"category","embeddable":true,"href":"https:\/\/www.europesays.com\/pt\/wp-json\/wp\/v2\/categories?post=15368"},{"taxonomy":"post_tag","embeddable":true,"href":"https:\/\/www.europesays.com\/pt\/wp-json\/wp\/v2\/tags?post=15368"}],"curies":[{"name":"wp","href":"https:\/\/api.w.org\/{rel}","templated":true}]}}