{"id":153680,"date":"2025-11-16T12:14:08","date_gmt":"2025-11-16T12:14:08","guid":{"rendered":"https:\/\/www.europesays.com\/pt\/153680\/"},"modified":"2025-11-16T12:14:08","modified_gmt":"2025-11-16T12:14:08","slug":"goncalo-ramos-e-mais-dez-o-onze-provavel-para-o-portugal-armenia","status":"publish","type":"post","link":"https:\/\/www.europesays.com\/pt\/153680\/","title":{"rendered":"Gon\u00e7alo Ramos e mais dez: o onze prov\u00e1vel para o Portugal-Arm\u00e9nia"},"content":{"rendered":"<p style=\"margin-bottom:11px\">Apenas uma humilha\u00e7\u00e3o in\u00e9dita atiraria Portugal para o play-off do Mundial 2026. Todavia, e depois da derrota na Irlanda, a Sele\u00e7\u00e3o quer deixar outra imagem no Est\u00e1dio do Drag\u00e3o, na sexta e derradeira jornada da fase de qualifica\u00e7\u00e3o. Portugal lidera o Grupo F, com dois pontos de vantagem sobre a Hungria e mais tr\u00eas sobre a Irlanda. Por sua vez, a Arm\u00e9nia \u2013 que nunca venceu Portugal \u2013 est\u00e1 no quarto e \u00faltimo lugar, com tr\u00eas pontos.<\/p>\n<p>Para a tarde deste domingo, Roberto Mart\u00ednez est\u00e1 obrigado a mexer na frente, face \u00e0 suspens\u00e3o de Cristiano Ronaldo, expulso na Irlanda. <a href=\"https:\/\/maisfutebol.iol.pt\/fotogaleria\/6919a48bd34e3caad84b57dd\/portugal-armenia-o-onze-provavel-para-a-decisao\" rel=\"nofollow noopener\" target=\"_blank\"><strong>Consulte a galeria associada para conhecer o onze prov\u00e1vel de Portugal<\/strong><\/a>.<\/p>\n<p>O <a href=\"https:\/\/maisfutebol.iol.pt\/jogo\/portugal\/armenia\/13820845\" rel=\"nofollow noopener\" target=\"_blank\">duelo no Drag\u00e3o est\u00e1 agendado para as 14 horas deste domingo<\/a> e \u00e9 para acompanhar, ao minuto, no <strong>Maisfutebol<\/strong>.<\/p>\n","protected":false},"excerpt":{"rendered":"Apenas uma humilha\u00e7\u00e3o in\u00e9dita atiraria Portugal para o play-off do Mundial 2026. Todavia, e depois da derrota na&hellip;\n","protected":false},"author":2,"featured_media":153681,"comment_status":"","ping_status":"","sticky":false,"template":"","format":"standard","meta":{"footnotes":""},"categories":[87],"tags":[8240,135,46,6027,12632,7689,32,33,47,12996,4338,5420,16170,134],"class_list":{"0":"post-153680","1":"post","2":"type-post","3":"status-publish","4":"format-standard","5":"has-post-thumbnail","7":"category-desporto","8":"tag-armenia","9":"tag-desporto","10":"tag-maisfutebol","11":"tag-mundial","12":"tag-mundial-2026","13":"tag-onzes-provaveis","14":"tag-portugal","15":"tag-pt","16":"tag-pura-paixao","17":"tag-roberto-martinez","18":"tag-selecao","19":"tag-selecao-nacional","20":"tag-selecao-portuguesa","21":"tag-sports"},"share_on_mastodon":{"url":"https:\/\/pubeurope.com\/@pt\/115559324940271145","error":""},"_links":{"self":[{"href":"https:\/\/www.europesays.com\/pt\/wp-json\/wp\/v2\/posts\/153680","targetHints":{"allow":["GET"]}}],"collection":[{"href":"https:\/\/www.europesays.com\/pt\/wp-json\/wp\/v2\/posts"}],"about":[{"href":"https:\/\/www.europesays.com\/pt\/wp-json\/wp\/v2\/types\/post"}],"author":[{"embeddable":true,"href":"https:\/\/www.europesays.com\/pt\/wp-json\/wp\/v2\/users\/2"}],"replies":[{"embeddable":true,"href":"https:\/\/www.europesays.com\/pt\/wp-json\/wp\/v2\/comments?post=153680"}],"version-history":[{"count":0,"href":"https:\/\/www.europesays.com\/pt\/wp-json\/wp\/v2\/posts\/153680\/revisions"}],"wp:featuredmedia":[{"embeddable":true,"href":"https:\/\/www.europesays.com\/pt\/wp-json\/wp\/v2\/media\/153681"}],"wp:attachment":[{"href":"https:\/\/www.europesays.com\/pt\/wp-json\/wp\/v2\/media?parent=153680"}],"wp:term":[{"taxonomy":"category","embeddable":true,"href":"https:\/\/www.europesays.com\/pt\/wp-json\/wp\/v2\/categories?post=153680"},{"taxonomy":"post_tag","embeddable":true,"href":"https:\/\/www.europesays.com\/pt\/wp-json\/wp\/v2\/tags?post=153680"}],"curies":[{"name":"wp","href":"https:\/\/api.w.org\/{rel}","templated":true}]}}