{"id":153692,"date":"2025-11-16T12:38:11","date_gmt":"2025-11-16T12:38:11","guid":{"rendered":"https:\/\/www.europesays.com\/pt\/153692\/"},"modified":"2025-11-16T12:38:11","modified_gmt":"2025-11-16T12:38:11","slug":"digi-cresce-em-numero-de-clientes-mas-custos-sao-elevadissimos","status":"publish","type":"post","link":"https:\/\/www.europesays.com\/pt\/153692\/","title":{"rendered":"DIGI cresce em n\u00famero de clientes, mas custos s\u00e3o elevad\u00edssimos"},"content":{"rendered":"<p>A Digi Portugal continua a refor\u00e7ar a sua presen\u00e7a no mercado nacional, mas enfrenta um desequil\u00edbrio financeiro significativo. Apesar do aumento constante da base de clientes, os custos operacionais continuam substancialmente superiores \u00e0s receitas.<\/p>\n<p><a target=\"_blank\" href=\"https:\/\/pplware.sapo.pt\/wp-content\/uploads\/2015\/04\/digi_carrinha_pplware-3.jpg\" onclick=\"refreshIframe()\" class=\"foobox\" rel=\"nofollow noopener\"><img fetchpriority=\"high\" decoding=\"async\" src=\"https:\/\/www.europesays.com\/pt\/wp-content\/uploads\/2025\/11\/digi_carrinha_pplware-3-720x405.jpg\" alt=\"\" width=\"720\" height=\"405\" class=\"aligncenter size-medium wp-image-1030631\"  \/><\/a><\/p>\n<p>DIGI com crescimento s\u00f3lido na base de clientes<\/p>\n<p>Segundo revela o ECO, no terceiro trimestre do ano, a operadora registou um aumento consistente de subscritores:<\/p>\n<ul>\n<li>443 mil clientes m\u00f3veis, um crescimento trimestral de 5,48%.<\/li>\n<li>150 mil clientes de internet fixa, mais 4,17% face ao trimestre anterior.<\/li>\n<\/ul>\n<p><a target=\"_blank\" href=\"https:\/\/pplware.sapo.pt\/wp-content\/uploads\/2025\/08\/digi_f00.jpg\" onclick=\"refreshIframe()\" class=\"foobox\" rel=\"nofollow noopener\"><img loading=\"lazy\" decoding=\"async\" src=\"https:\/\/www.europesays.com\/pt\/wp-content\/uploads\/2025\/08\/digi_f00-720x405.jpg\" alt=\"\" width=\"720\" height=\"405\" class=\"aligncenter size-medium wp-image-1074523\"  \/><\/a><\/p>\n<p>Este crescimento confirma o interesse dos consumidores portugueses nos servi\u00e7os de baixo custo que a Digi tem vindo a oferecer desde que entrou no pa\u00eds.<\/p>\n<p>Entre janeiro e setembro, a Digi Portugal alcan\u00e7ou 52,5 milh\u00f5es de euros em receitas. No entanto, o valor \u00e9 insuficiente para cobrir os gastos, que ascenderam a 88,2 milh\u00f5es de euros no mesmo per\u00edodo, ou seja, 68% acima das receitas.<\/p>\n<p>A empresa reportou ainda um EBITDA negativo de 110 milh\u00f5es de euros relativo \u00e0 opera\u00e7\u00e3o em Portugal, sublinhando a fase desafiante que atravessa no processo de consolida\u00e7\u00e3o no mercado.<\/p>\n","protected":false},"excerpt":{"rendered":"A Digi Portugal continua a refor\u00e7ar a sua presen\u00e7a no mercado nacional, mas enfrenta um desequil\u00edbrio financeiro significativo.&hellip;\n","protected":false},"author":2,"featured_media":153693,"comment_status":"","ping_status":"","sticky":false,"template":"","format":"standard","meta":{"footnotes":""},"categories":[83],"tags":[88,7513,89,90,32,33],"class_list":{"0":"post-153692","1":"post","2":"type-post","3":"status-publish","4":"format-standard","5":"has-post-thumbnail","7":"category-empresas","8":"tag-business","9":"tag-digi","10":"tag-economy","11":"tag-empresas","12":"tag-portugal","13":"tag-pt"},"share_on_mastodon":{"url":"https:\/\/pubeurope.com\/@pt\/115559419488887439","error":""},"_links":{"self":[{"href":"https:\/\/www.europesays.com\/pt\/wp-json\/wp\/v2\/posts\/153692","targetHints":{"allow":["GET"]}}],"collection":[{"href":"https:\/\/www.europesays.com\/pt\/wp-json\/wp\/v2\/posts"}],"about":[{"href":"https:\/\/www.europesays.com\/pt\/wp-json\/wp\/v2\/types\/post"}],"author":[{"embeddable":true,"href":"https:\/\/www.europesays.com\/pt\/wp-json\/wp\/v2\/users\/2"}],"replies":[{"embeddable":true,"href":"https:\/\/www.europesays.com\/pt\/wp-json\/wp\/v2\/comments?post=153692"}],"version-history":[{"count":0,"href":"https:\/\/www.europesays.com\/pt\/wp-json\/wp\/v2\/posts\/153692\/revisions"}],"wp:featuredmedia":[{"embeddable":true,"href":"https:\/\/www.europesays.com\/pt\/wp-json\/wp\/v2\/media\/153693"}],"wp:attachment":[{"href":"https:\/\/www.europesays.com\/pt\/wp-json\/wp\/v2\/media?parent=153692"}],"wp:term":[{"taxonomy":"category","embeddable":true,"href":"https:\/\/www.europesays.com\/pt\/wp-json\/wp\/v2\/categories?post=153692"},{"taxonomy":"post_tag","embeddable":true,"href":"https:\/\/www.europesays.com\/pt\/wp-json\/wp\/v2\/tags?post=153692"}],"curies":[{"name":"wp","href":"https:\/\/api.w.org\/{rel}","templated":true}]}}