{"id":153694,"date":"2025-11-16T12:40:09","date_gmt":"2025-11-16T12:40:09","guid":{"rendered":"https:\/\/www.europesays.com\/pt\/153694\/"},"modified":"2025-11-16T12:40:09","modified_gmt":"2025-11-16T12:40:09","slug":"mau-tempo-sete-distritos-sob-aviso-amarelo-devido-a-chuva-forte-e-trovoada-meteorologia","status":"publish","type":"post","link":"https:\/\/www.europesays.com\/pt\/153694\/","title":{"rendered":"Mau tempo: sete distritos sob aviso amarelo devido a chuva forte e trovoada | Meteorologia"},"content":{"rendered":"<p>Sete distritos de Portugal continental est\u00e3o sob aviso amarelo, devido \u00e0 previs\u00e3o de chuva, por vezes forte e com trovoada, informou o Instituto Portugu\u00eas do Mar e da Atmosfera (IPMA) este domingo, 16 de Novembro,<\/p>\n<p>Viseu, Porto, Viana do Castelo, Aveiro, Coimbra e Braga s\u00e3o as regi\u00f5es do pa\u00eds que est\u00e3o sob aviso amarelo, o terceiro mais grave alerta de <a href=\"https:\/\/www.publico.pt\/mau-tempo\" rel=\"nofollow noopener\" target=\"_blank\">mau tempo<\/a>, at\u00e9 meio e final da tarde de domingo. Quanto ao distrito de Leiria, o aviso estende-se at\u00e9 \u00e0s 21h.<\/p>\n<p>No arquip\u00e9lago dos A\u00e7ores, est\u00e3o sob aviso amarelo os grupos Central e Oriental, devido \u00e0 previs\u00e3o de precipita\u00e7\u00e3o, por vezes forte, podendo ser acompanhada de trovoada.<\/p>\n<p>Nas ilhas do Faial, Pico, S\u00e3o Jorge, Terceira e Graciosa, pertencentes ao grupo Central, o aviso vigora at\u00e9 \u00e0s 12h de segunda-feira, 17.<\/p>\n<p>Nas Flores e Corvo, que constituem o grupo Ocidental, o aviso tem efeito at\u00e9 \u00e0s 6h de segunda-feira.<\/p>\n<p>Depois de alguns dias sob aviso laranja, devido \u00e0 passagem da depress\u00e3o Cl\u00e1udia, o mau tempo come\u00e7a a abrandar em Portugal continental. Contudo, prev\u00ea-se ainda precipita\u00e7\u00e3o, por vezes forte, de granizo, acompanhada de trovoada no litoral oeste, e vento forte no litoral oeste e terras altas. A agita\u00e7\u00e3o mar\u00edtima continuar\u00e1 tamb\u00e9m forte durante este domingo.<\/p>\n<p>O aviso amarelo \u00e9 emitido pelo <a href=\"https:\/\/www.publico.pt\/ipma\" rel=\"nofollow noopener\" target=\"_blank\">IPMA<\/a> quando h\u00e1 uma situa\u00e7\u00e3o de risco para determinadas actividades dependentes da situa\u00e7\u00e3o meteorol\u00f3gica.<\/p>\n<p>Portugal continental registou 815 ocorr\u00eancias entre a meia-noite e as 18h de s\u00e1bado, 15, devido ao mau tempo, principalmente inunda\u00e7\u00f5es, a maioria na \u00c1rea Metropolitana do Porto, seguindo-se a regi\u00e3o do Algarve, segundo fonte oficial da Protec\u00e7\u00e3o Civil.<\/p>\n<p>O maior n\u00famero de ocorr\u00eancias, 506, relacionou-se com situa\u00e7\u00f5es de inunda\u00e7\u00e3o, seguidas de &#8220;103 limpezas de via, 97 quedas de \u00e1rvores, 54 quedas de estruturas e 50 relacionadas com movimentos de massa ou deslizamentos de terras.<\/p>\n<p>A Autoridade Nacional de Emerg\u00eancia e Protec\u00e7\u00e3o Civil (<a href=\"https:\/\/www.publico.pt\/autoridade-nacional-emergencia-proteccao-civil\" rel=\"nofollow noopener\" target=\"_blank\">ANEPC<\/a>) registou, at\u00e9 \u00e0s 18h, uma<a href=\"https:\/\/www.publico.pt\/2025\/11\/15\/sociedade\/reportagem\/tornado-albufeira-filha-pablo-agarrada-nao-ir-vento-2154777?ref=albufeira&amp;cx=page__content\" rel=\"nofollow noopener\" target=\"_blank\"> v\u00edtima mortal<\/a> e 28 feridos, dois dos quais graves, em Albufeira, devido a um &#8220;evento extremo de vento&#8221;, disse ainda.<\/p>\n<p>Segundo um oficial de opera\u00e7\u00f5es da ANEPC, com base na previs\u00e3o do IPMA, a tend\u00eancia ser\u00e1 para &#8220;haver um desagravamento&#8221; das &#8220;condi\u00e7\u00f5es meteorol\u00f3gicas&#8221;, que, ali\u00e1s, se tem notado, pois &#8220;j\u00e1 come\u00e7a a diminuir o n\u00famero de ocorr\u00eancias&#8221;.<\/p>\n<p>A ANEPC alerta que o impacto dos efeitos do mau tempo pode ser minimizado atrav\u00e9s de comportamentos preventivos adequados, em particular nas zonas historicamente mais vulner\u00e1veis, com a adop\u00e7\u00e3o de medidas como a desobstru\u00e7\u00e3o dos sistemas de escoamento das \u00e1guas pluviais.<\/p>\n<p>A Protec\u00e7\u00e3o Civil recomenda ainda aos cidad\u00e3os que tenham especial cuidado na circula\u00e7\u00e3o e perman\u00eancia em \u00e1reas arborizadas, que adoptem precau\u00e7\u00f5es na circula\u00e7\u00e3o junto \u00e0 orla costeira e zonas ribeirinhas e que evitem actividades relacionadas com o mar, como pesca desportiva, desportos n\u00e1uticos e passeios \u00e0 beira-mar, bem como o estacionamento de ve\u00edculos junto \u00e0 orla mar\u00edtima.<\/p>\n<p>Outras das medidas preventivas passam por uma condu\u00e7\u00e3o defensiva, reduzindo a velocidade e prestando especial aten\u00e7\u00e3o \u00e0 eventual forma\u00e7\u00e3o de len\u00e7\u00f3is de \u00e1gua nas vias rodovi\u00e1rias; n\u00e3o atravessar zonas inundadas, prevenindo o risco de arrastamento de pessoas ou ve\u00edculos para buracos no pavimento ou caixas de esgoto abertas; e retirar de zonas normalmente inund\u00e1veis animais, equipamentos, ve\u00edculos e outros bens para locais seguros.<\/p>\n<p>A <a href=\"https:\/\/www.publico.pt\/2025\/11\/13\/sociedade\/noticia\/depressao-claudia-proteccao-civil-regista-dezenas-ocorrencias-devido-chuva-forte-2154428\" rel=\"nofollow noopener\" target=\"_blank\">depress\u00e3o Cl\u00e1udia<\/a> afecta desde quarta-feira Portugal continental e o arquip\u00e9lago da Madeira com chuva, vento e agita\u00e7\u00e3o mar\u00edtima fortes, segundo o IPMA.<\/p>\n","protected":false},"excerpt":{"rendered":"Sete distritos de Portugal continental est\u00e3o sob aviso amarelo, devido \u00e0 previs\u00e3o de chuva, por vezes forte e&hellip;\n","protected":false},"author":2,"featured_media":153695,"comment_status":"","ping_status":"","sticky":false,"template":"","format":"standard","meta":{"footnotes":""},"categories":[10],"tags":[785,27,28,15,16,14,350,25,26,21,22,8532,606,12,13,19,20,32,23,24,33,17,18,29,30,31],"class_list":{"0":"post-153694","1":"post","2":"type-post","3":"status-publish","4":"format-standard","5":"has-post-thumbnail","7":"category-portugal","8":"tag-azul","9":"tag-breaking-news","10":"tag-breakingnews","11":"tag-featured-news","12":"tag-featurednews","13":"tag-headlines","14":"tag-ipma","15":"tag-latest-news","16":"tag-latestnews","17":"tag-main-news","18":"tag-mainnews","19":"tag-mau-tempo","20":"tag-meteorologia","21":"tag-news","22":"tag-noticias","23":"tag-noticias-principais","24":"tag-noticiasprincipais","25":"tag-portugal","26":"tag-principais-noticias","27":"tag-principaisnoticias","28":"tag-pt","29":"tag-top-stories","30":"tag-topstories","31":"tag-ultimas","32":"tag-ultimas-noticias","33":"tag-ultimasnoticias"},"share_on_mastodon":{"url":"https:\/\/pubeurope.com\/@pt\/115559427538844838","error":""},"_links":{"self":[{"href":"https:\/\/www.europesays.com\/pt\/wp-json\/wp\/v2\/posts\/153694","targetHints":{"allow":["GET"]}}],"collection":[{"href":"https:\/\/www.europesays.com\/pt\/wp-json\/wp\/v2\/posts"}],"about":[{"href":"https:\/\/www.europesays.com\/pt\/wp-json\/wp\/v2\/types\/post"}],"author":[{"embeddable":true,"href":"https:\/\/www.europesays.com\/pt\/wp-json\/wp\/v2\/users\/2"}],"replies":[{"embeddable":true,"href":"https:\/\/www.europesays.com\/pt\/wp-json\/wp\/v2\/comments?post=153694"}],"version-history":[{"count":0,"href":"https:\/\/www.europesays.com\/pt\/wp-json\/wp\/v2\/posts\/153694\/revisions"}],"wp:featuredmedia":[{"embeddable":true,"href":"https:\/\/www.europesays.com\/pt\/wp-json\/wp\/v2\/media\/153695"}],"wp:attachment":[{"href":"https:\/\/www.europesays.com\/pt\/wp-json\/wp\/v2\/media?parent=153694"}],"wp:term":[{"taxonomy":"category","embeddable":true,"href":"https:\/\/www.europesays.com\/pt\/wp-json\/wp\/v2\/categories?post=153694"},{"taxonomy":"post_tag","embeddable":true,"href":"https:\/\/www.europesays.com\/pt\/wp-json\/wp\/v2\/tags?post=153694"}],"curies":[{"name":"wp","href":"https:\/\/api.w.org\/{rel}","templated":true}]}}